{"id":11441,"date":"2025-04-29T10:45:56","date_gmt":"2025-04-29T08:45:56","guid":{"rendered":"https:\/\/agora.xtec.cat\/ceipvistaalegre\/?p=11441"},"modified":"2025-06-30T12:34:12","modified_gmt":"2025-06-30T10:34:12","slug":"anem-a-lilla-del-tresor","status":"publish","type":"post","link":"https:\/\/agora.xtec.cat\/ceipvistaalegre\/general\/anem-a-lilla-del-tresor\/","title":{"rendered":"Anem a l&#8217;illa del tresor!"},"content":{"rendered":"<p class=\"\" data-start=\"137\" data-end=\"326\">Ahir, 29 d\u2019abril, els alumnes de 4t de prim\u00e0ria, juntament amb la resta de companys i companyes de l\u2019etapa, van anar a la Sala Cabanyes per gaudir de l\u2019obra de teatre <strong><em data-start=\"304\" data-end=\"323\">L\u2019illa del tresor<\/em><\/strong>.<\/p>\n<p class=\"\" data-start=\"328\" data-end=\"643\">Tots s\u2019ho van passar d\u2019all\u00f2 m\u00e9s b\u00e9 seguint les aventures d\u2019en Jim, el protagonista, que juntament amb el doctor Livesey, es va embarcar en una apassionant recerca d\u2019un tresor amagat. A bord del vaixell, acompanyats pel capit\u00e0 Smollett i la seva tripulaci\u00f3, van viure una hist\u00f2ria plena d\u2019emoci\u00f3 i girs inesperats.<\/p>\n<p class=\"\" data-start=\"645\" data-end=\"886\">Un cop a l\u2019illa, els nostres aventurers van descobrir que aquells mariners que els acompanyaven en realitat eren pirates\u2026 i els van trair! Una sorpresa que va mantenir a tots els espectadors amb els ulls ben oberts fins al final de l\u2019obra.<\/p>\n<p class=\"\" data-start=\"888\" data-end=\"941\">Una experi\u00e8ncia teatral molt enriquidora i divertida!<\/p>\n<p data-start=\"888\" data-end=\"941\"><a style=\"color: #2795b6;\" href=\"https:\/\/agora.xtec.cat\/ceipvistaalegre\/wp-content\/uploads\/usu1936\/2025\/04\/WhatsApp-Image-2025-04-29-at-10.22.17.jpeg\"><img loading=\"lazy\" decoding=\"async\" class=\"wp-image-11449 alignleft\" src=\"https:\/\/agora.xtec.cat\/ceipvistaalegre\/wp-content\/uploads\/usu1936\/2025\/04\/WhatsApp-Image-2025-04-29-at-10.22.17-1024x768.jpeg\" alt=\"\" width=\"247\" height=\"186\" srcset=\"https:\/\/agora.xtec.cat\/ceipvistaalegre\/wp-content\/uploads\/usu1936\/2025\/04\/WhatsApp-Image-2025-04-29-at-10.22.17-1024x768.jpeg 1024w, https:\/\/agora.xtec.cat\/ceipvistaalegre\/wp-content\/uploads\/usu1936\/2025\/04\/WhatsApp-Image-2025-04-29-at-10.22.17-300x225.jpeg 300w, https:\/\/agora.xtec.cat\/ceipvistaalegre\/wp-content\/uploads\/usu1936\/2025\/04\/WhatsApp-Image-2025-04-29-at-10.22.17-768x576.jpeg 768w, https:\/\/agora.xtec.cat\/ceipvistaalegre\/wp-content\/uploads\/usu1936\/2025\/04\/WhatsApp-Image-2025-04-29-at-10.22.17-1536x1152.jpeg 1536w, https:\/\/agora.xtec.cat\/ceipvistaalegre\/wp-content\/uploads\/usu1936\/2025\/04\/WhatsApp-Image-2025-04-29-at-10.22.17-200x150.jpeg 200w, https:\/\/agora.xtec.cat\/ceipvistaalegre\/wp-content\/uploads\/usu1936\/2025\/04\/WhatsApp-Image-2025-04-29-at-10.22.17.jpeg 1600w\" sizes=\"auto, (max-width: 247px) 100vw, 247px\" \/><\/a><a href=\"https:\/\/agora.xtec.cat\/ceipvistaalegre\/wp-content\/uploads\/usu1936\/2025\/04\/WhatsApp-Image-2025-04-29-at-10.22.17-1.jpeg\"><img loading=\"lazy\" decoding=\"async\" class=\" wp-image-11450 alignleft\" src=\"https:\/\/agora.xtec.cat\/ceipvistaalegre\/wp-content\/uploads\/usu1936\/2025\/04\/WhatsApp-Image-2025-04-29-at-10.22.17-1-1024x768.jpeg\" alt=\"\" width=\"248\" height=\"186\" srcset=\"https:\/\/agora.xtec.cat\/ceipvistaalegre\/wp-content\/uploads\/usu1936\/2025\/04\/WhatsApp-Image-2025-04-29-at-10.22.17-1-1024x768.jpeg 1024w, https:\/\/agora.xtec.cat\/ceipvistaalegre\/wp-content\/uploads\/usu1936\/2025\/04\/WhatsApp-Image-2025-04-29-at-10.22.17-1-300x225.jpeg 300w, https:\/\/agora.xtec.cat\/ceipvistaalegre\/wp-content\/uploads\/usu1936\/2025\/04\/WhatsApp-Image-2025-04-29-at-10.22.17-1-768x576.jpeg 768w, https:\/\/agora.xtec.cat\/ceipvistaalegre\/wp-content\/uploads\/usu1936\/2025\/04\/WhatsApp-Image-2025-04-29-at-10.22.17-1-1536x1152.jpeg 1536w, https:\/\/agora.xtec.cat\/ceipvistaalegre\/wp-content\/uploads\/usu1936\/2025\/04\/WhatsApp-Image-2025-04-29-at-10.22.17-1-200x150.jpeg 200w, https:\/\/agora.xtec.cat\/ceipvistaalegre\/wp-content\/uploads\/usu1936\/2025\/04\/WhatsApp-Image-2025-04-29-at-10.22.17-1.jpeg 1600w\" sizes=\"auto, (max-width: 248px) 100vw, 248px\" \/><\/a><a href=\"https:\/\/agora.xtec.cat\/ceipvistaalegre\/wp-content\/uploads\/usu1936\/2025\/04\/WhatsApp-Image-2025-04-29-at-10.22.17-2.jpeg\"><img loading=\"lazy\" decoding=\"async\" class=\"wp-image-11451 alignleft\" src=\"https:\/\/agora.xtec.cat\/ceipvistaalegre\/wp-content\/uploads\/usu1936\/2025\/04\/WhatsApp-Image-2025-04-29-at-10.22.17-2-1024x768.jpeg\" alt=\"\" width=\"247\" height=\"185\" srcset=\"https:\/\/agora.xtec.cat\/ceipvistaalegre\/wp-content\/uploads\/usu1936\/2025\/04\/WhatsApp-Image-2025-04-29-at-10.22.17-2-1024x768.jpeg 1024w, https:\/\/agora.xtec.cat\/ceipvistaalegre\/wp-content\/uploads\/usu1936\/2025\/04\/WhatsApp-Image-2025-04-29-at-10.22.17-2-300x225.jpeg 300w, https:\/\/agora.xtec.cat\/ceipvistaalegre\/wp-content\/uploads\/usu1936\/2025\/04\/WhatsApp-Image-2025-04-29-at-10.22.17-2-768x576.jpeg 768w, https:\/\/agora.xtec.cat\/ceipvistaalegre\/wp-content\/uploads\/usu1936\/2025\/04\/WhatsApp-Image-2025-04-29-at-10.22.17-2-1536x1152.jpeg 1536w, https:\/\/agora.xtec.cat\/ceipvistaalegre\/wp-content\/uploads\/usu1936\/2025\/04\/WhatsApp-Image-2025-04-29-at-10.22.17-2-200x150.jpeg 200w, https:\/\/agora.xtec.cat\/ceipvistaalegre\/wp-content\/uploads\/usu1936\/2025\/04\/WhatsApp-Image-2025-04-29-at-10.22.17-2.jpeg 1600w\" sizes=\"auto, (max-width: 247px) 100vw, 247px\" \/><\/a><\/p>\n","protected":false},"excerpt":{"rendered":"<p>Ahir, 29 d\u2019abril, els alumnes de 4t de prim\u00e0ria, juntament amb la resta de companys i companyes de l\u2019etapa, van anar a la Sala Cabanyes per gaudir de l\u2019obra de teatre L\u2019illa del tresor.<br \/>\nTots s\u2019ho van passar d\u2019all\u00f2 m\u00e9s b\u00e9 seguint les aventures d\u2019en Jim,&hellip;  <a href=\"https:\/\/agora.xtec.cat\/ceipvistaalegre\/general\/anem-a-lilla-del-tresor\/\" title=\"Read Anem a l&#8217;illa del tresor!\">Llegeix m\u00e9s\u00bb<\/a><\/p>\n","protected":false},"author":3,"featured_media":0,"comment_status":"open","ping_status":"closed","sticky":false,"template":"","format":"standard","meta":{"_bbp_topic_count":0,"_bbp_reply_count":0,"_bbp_total_topic_count":0,"_bbp_total_reply_count":0,"_bbp_voice_count":0,"_bbp_anonymous_reply_count":0,"_bbp_topic_count_hidden":0,"_bbp_reply_count_hidden":0,"_bbp_forum_subforum_count":0,"footnotes":""},"categories":[13,1],"tags":[],"class_list":["post-11441","post","type-post","status-publish","format-standard","hentry","category-4t","category-general"],"post_mailing_queue_ids":[],"_links":{"self":[{"href":"https:\/\/agora.xtec.cat\/ceipvistaalegre\/wp-json\/wp\/v2\/posts\/11441","targetHints":{"allow":["GET"]}}],"collection":[{"href":"https:\/\/agora.xtec.cat\/ceipvistaalegre\/wp-json\/wp\/v2\/posts"}],"about":[{"href":"https:\/\/agora.xtec.cat\/ceipvistaalegre\/wp-json\/wp\/v2\/types\/post"}],"author":[{"embeddable":true,"href":"https:\/\/agora.xtec.cat\/ceipvistaalegre\/wp-json\/wp\/v2\/users\/3"}],"replies":[{"embeddable":true,"href":"https:\/\/agora.xtec.cat\/ceipvistaalegre\/wp-json\/wp\/v2\/comments?post=11441"}],"version-history":[{"count":6,"href":"https:\/\/agora.xtec.cat\/ceipvistaalegre\/wp-json\/wp\/v2\/posts\/11441\/revisions"}],"predecessor-version":[{"id":11458,"href":"https:\/\/agora.xtec.cat\/ceipvistaalegre\/wp-json\/wp\/v2\/posts\/11441\/revisions\/11458"}],"wp:attachment":[{"href":"https:\/\/agora.xtec.cat\/ceipvistaalegre\/wp-json\/wp\/v2\/media?parent=11441"}],"wp:term":[{"taxonomy":"category","embeddable":true,"href":"https:\/\/agora.xtec.cat\/ceipvistaalegre\/wp-json\/wp\/v2\/categories?post=11441"},{"taxonomy":"post_tag","embeddable":true,"href":"https:\/\/agora.xtec.cat\/ceipvistaalegre\/wp-json\/wp\/v2\/tags?post=11441"}],"curies":[{"name":"wp","href":"https:\/\/api.w.org\/{rel}","templated":true}]}}