{"id":11416,"date":"2025-04-24T17:24:19","date_gmt":"2025-04-24T15:24:19","guid":{"rendered":"https:\/\/agora.xtec.cat\/ceipvistaalegre\/?p=11416"},"modified":"2025-06-30T12:35:50","modified_gmt":"2025-06-30T10:35:50","slug":"setmana-de-sant-jordi-2","status":"publish","type":"post","link":"https:\/\/agora.xtec.cat\/ceipvistaalegre\/primaria\/2n\/setmana-de-sant-jordi-2\/","title":{"rendered":"SETMANA DE SANT JORDI"},"content":{"rendered":"<p>Tornant de la Pasqua ens hem trobat de ple amb la setmana de Sant Jordi. Hem fet moltes activitats a l&#8217;escola com muntar un llibre amb la llegenda, fer un punt de llibre, participar dels Jocs Florals, viure un scape room a la biblioteca de l&#8217;escola, escoltar contes explicats o lectura col\u00b7lectiva&#8230;, per exemple. Per\u00f2 ens ha agradat molt poder sortir al carrer, passejar per la Riera de Matar\u00f3, trobar a la fam\u00edlia Robafaves instal\u00b7lada a l&#8217;ajuntament, i gaudir de les parades de llibres de la pla\u00e7a Santa Anna. Les biblioteques municipals ens han preparat uns lots de llibres ben entretinguts per llegir a la Biblioteca a Cel Obert. I de regal un passaport lector ens hem portat.<\/p>\n<p><a href=\"https:\/\/agora.xtec.cat\/ceipvistaalegre\/wp-content\/uploads\/usu1936\/2025\/04\/IMG_3188.heic\"><img decoding=\"async\" class=\"alignnone size-full wp-image-11417\" src=\"https:\/\/agora.xtec.cat\/ceipvistaalegre\/wp-content\/uploads\/usu1936\/2025\/04\/IMG_3188.heic\" alt=\"\" \/><\/a><a href=\"https:\/\/agora.xtec.cat\/ceipvistaalegre\/wp-content\/uploads\/usu1936\/2025\/04\/IMG_3188-1-scaled.jpg\"><img loading=\"lazy\" decoding=\"async\" class=\"alignnone size-large wp-image-11421\" src=\"https:\/\/agora.xtec.cat\/ceipvistaalegre\/wp-content\/uploads\/usu1936\/2025\/04\/IMG_3188-1-1024x768.jpg\" alt=\"\" width=\"1024\" height=\"768\" srcset=\"https:\/\/agora.xtec.cat\/ceipvistaalegre\/wp-content\/uploads\/usu1936\/2025\/04\/IMG_3188-1-1024x768.jpg 1024w, https:\/\/agora.xtec.cat\/ceipvistaalegre\/wp-content\/uploads\/usu1936\/2025\/04\/IMG_3188-1-300x225.jpg 300w, https:\/\/agora.xtec.cat\/ceipvistaalegre\/wp-content\/uploads\/usu1936\/2025\/04\/IMG_3188-1-768x576.jpg 768w, https:\/\/agora.xtec.cat\/ceipvistaalegre\/wp-content\/uploads\/usu1936\/2025\/04\/IMG_3188-1-1536x1152.jpg 1536w, https:\/\/agora.xtec.cat\/ceipvistaalegre\/wp-content\/uploads\/usu1936\/2025\/04\/IMG_3188-1-2048x1536.jpg 2048w, https:\/\/agora.xtec.cat\/ceipvistaalegre\/wp-content\/uploads\/usu1936\/2025\/04\/IMG_3188-1-200x150.jpg 200w\" sizes=\"auto, (max-width: 1024px) 100vw, 1024px\" \/><\/a><\/p>\n","protected":false},"excerpt":{"rendered":"<p>Tornant de la Pasqua ens hem trobat de ple amb la setmana de Sant Jordi. Hem fet moltes activitats a l&#8217;escola com muntar un llibre amb la llegenda, fer un punt de llibre, participar dels Jocs Florals, viure un scape room a la biblioteca de&hellip;  <a href=\"https:\/\/agora.xtec.cat\/ceipvistaalegre\/primaria\/2n\/setmana-de-sant-jordi-2\/\" title=\"Read SETMANA DE SANT JORDI\">Llegeix m\u00e9s\u00bb<\/a><\/p>\n","protected":false},"author":9,"featured_media":0,"comment_status":"open","ping_status":"closed","sticky":false,"template":"","format":"standard","meta":{"_bbp_topic_count":0,"_bbp_reply_count":0,"_bbp_total_topic_count":0,"_bbp_total_reply_count":0,"_bbp_voice_count":0,"_bbp_anonymous_reply_count":0,"_bbp_topic_count_hidden":0,"_bbp_reply_count_hidden":0,"_bbp_forum_subforum_count":0,"footnotes":""},"categories":[11],"tags":[],"class_list":["post-11416","post","type-post","status-publish","format-standard","hentry","category-2n"],"post_mailing_queue_ids":[],"_links":{"self":[{"href":"https:\/\/agora.xtec.cat\/ceipvistaalegre\/wp-json\/wp\/v2\/posts\/11416","targetHints":{"allow":["GET"]}}],"collection":[{"href":"https:\/\/agora.xtec.cat\/ceipvistaalegre\/wp-json\/wp\/v2\/posts"}],"about":[{"href":"https:\/\/agora.xtec.cat\/ceipvistaalegre\/wp-json\/wp\/v2\/types\/post"}],"author":[{"embeddable":true,"href":"https:\/\/agora.xtec.cat\/ceipvistaalegre\/wp-json\/wp\/v2\/users\/9"}],"replies":[{"embeddable":true,"href":"https:\/\/agora.xtec.cat\/ceipvistaalegre\/wp-json\/wp\/v2\/comments?post=11416"}],"version-history":[{"count":3,"href":"https:\/\/agora.xtec.cat\/ceipvistaalegre\/wp-json\/wp\/v2\/posts\/11416\/revisions"}],"predecessor-version":[{"id":11423,"href":"https:\/\/agora.xtec.cat\/ceipvistaalegre\/wp-json\/wp\/v2\/posts\/11416\/revisions\/11423"}],"wp:attachment":[{"href":"https:\/\/agora.xtec.cat\/ceipvistaalegre\/wp-json\/wp\/v2\/media?parent=11416"}],"wp:term":[{"taxonomy":"category","embeddable":true,"href":"https:\/\/agora.xtec.cat\/ceipvistaalegre\/wp-json\/wp\/v2\/categories?post=11416"},{"taxonomy":"post_tag","embeddable":true,"href":"https:\/\/agora.xtec.cat\/ceipvistaalegre\/wp-json\/wp\/v2\/tags?post=11416"}],"curies":[{"name":"wp","href":"https:\/\/api.w.org\/{rel}","templated":true}]}}