{"id":11405,"date":"2025-04-22T19:22:47","date_gmt":"2025-04-22T17:22:47","guid":{"rendered":"https:\/\/agora.xtec.cat\/ceipvistaalegre\/?p=11405"},"modified":"2025-06-30T12:36:06","modified_gmt":"2025-06-30T10:36:06","slug":"sortida-de-projecte","status":"publish","type":"post","link":"https:\/\/agora.xtec.cat\/ceipvistaalegre\/infantil\/infantil-4-anys\/sortida-de-projecte\/","title":{"rendered":"Sortida de projecte."},"content":{"rendered":"<p><a href=\"https:\/\/agora.xtec.cat\/ceipvistaalegre\/infantil\/infantil-4-anys\/sortida-de-projecte\/attachment\/img_6015\/\" rel=\"attachment wp-att-11406\"><img loading=\"lazy\" decoding=\"async\" class=\"aligncenter size-full wp-image-11406\" src=\"https:\/\/agora.xtec.cat\/ceipvistaalegre\/wp-content\/uploads\/usu1936\/2025\/04\/IMG_6015-scaled.jpg\" alt=\"\" width=\"2560\" height=\"2560\" srcset=\"https:\/\/agora.xtec.cat\/ceipvistaalegre\/wp-content\/uploads\/usu1936\/2025\/04\/IMG_6015-scaled.jpg 2560w, https:\/\/agora.xtec.cat\/ceipvistaalegre\/wp-content\/uploads\/usu1936\/2025\/04\/IMG_6015-300x300.jpg 300w, https:\/\/agora.xtec.cat\/ceipvistaalegre\/wp-content\/uploads\/usu1936\/2025\/04\/IMG_6015-1024x1024.jpg 1024w, https:\/\/agora.xtec.cat\/ceipvistaalegre\/wp-content\/uploads\/usu1936\/2025\/04\/IMG_6015-150x150.jpg 150w, https:\/\/agora.xtec.cat\/ceipvistaalegre\/wp-content\/uploads\/usu1936\/2025\/04\/IMG_6015-768x768.jpg 768w, https:\/\/agora.xtec.cat\/ceipvistaalegre\/wp-content\/uploads\/usu1936\/2025\/04\/IMG_6015-1536x1536.jpg 1536w, https:\/\/agora.xtec.cat\/ceipvistaalegre\/wp-content\/uploads\/usu1936\/2025\/04\/IMG_6015-2048x2048.jpg 2048w\" sizes=\"auto, (max-width: 2560px) 100vw, 2560px\" \/><\/a><\/p>\n<p>Avui, els nens i les nenes d&#8217;I4,\u00a0 hem visitat la Fam\u00edlia Robafaves que est\u00e0 exposada a l&#8217;ajuntament de Matar\u00f3. L&#8217;Anna, la guia de l&#8217;Ajuntament, ens ha explicat moltes coses sobre els Gegants de Matar\u00f3: d&#8217;on ve el seu nom, les famoses faves que tenia\u00a0 sota la capa, la seva vestimenta, el casc d&#8217;en Robafaves i el seu drac, les joies que llueixen la Geganta i la Toneta&#8230;<\/p>\n<p>Tamb\u00e9 ens ha explicat quan surten i qu\u00e8 ballen, quins s\u00f3n els instruments que sonen amb la m\u00fasica dels Gegants. Despr\u00e9s ens ha ensenyat quina \u00e9s la vestimenta de la colla gegantera: la camisa blanca, els pantalons blaus, les espardenyes lligades i la faixa per protegir l&#8217;esquena; fins i tot ens ha mostrat com se la posen per anar ben preparats per portar els Gegants.<\/p>\n<p>A continuaci\u00f3 tamb\u00e9 hem pogut gaudir de la pres\u00e8ncia d&#8217;algunes figures que formen part del seguici durant la festa major &#8220;Les Santes&#8221;. Els gegants ens han agradat molt per\u00f2 els nans, el drac i les diablesses ens han impactat for\u00e7a.<\/p>\n<p>Ah! i sabeu com surten els Gegants per la porta de l&#8217;Ajuntament? Doncs com que s\u00f3n tan, tan alts cal fer-los &#8220;dormir&#8221; perqu\u00e8 puguin arribar fins al carrer i ballar.<\/p>\n<p>Avui hem descobert m\u00e9s coses per anar completant el nostre projecte d&#8217;aula.<\/p>\n","protected":false},"excerpt":{"rendered":"<p><a href=\"https:\/\/agora.xtec.cat\/ceipvistaalegre\/infantil\/infantil-4-anys\/sortida-de-projecte\/attachment\/img_6015\/\" rel=\"attachment wp-att-11406\"><\/a><br \/>\nAvui, els nens i les nenes d&#8217;I4,\u00a0 hem visitat la Fam\u00edlia Robafaves que est\u00e0 exposada a l&#8217;ajuntament de Matar\u00f3. L&#8217;Anna, la guia de l&#8217;Ajuntament, ens ha explicat moltes coses sobre els Gegants de Matar\u00f3: d&#8217;on ve el seu nom, les famoses faves&hellip;  <a href=\"https:\/\/agora.xtec.cat\/ceipvistaalegre\/infantil\/infantil-4-anys\/sortida-de-projecte\/\" title=\"Read Sortida de projecte.\">Llegeix m\u00e9s\u00bb<\/a><\/p>\n","protected":false},"author":4,"featured_media":0,"comment_status":"open","ping_status":"closed","sticky":false,"template":"","format":"standard","meta":{"_bbp_topic_count":0,"_bbp_reply_count":0,"_bbp_total_topic_count":0,"_bbp_total_reply_count":0,"_bbp_voice_count":0,"_bbp_anonymous_reply_count":0,"_bbp_topic_count_hidden":0,"_bbp_reply_count_hidden":0,"_bbp_forum_subforum_count":0,"footnotes":""},"categories":[8],"tags":[318,355,326,16],"class_list":["post-11405","post","type-post","status-publish","format-standard","hentry","category-infantil-4-anys","tag-descoberta-de-lentorn","tag-festes-i-tradicions","tag-projecte-familia-robafaves","tag-sortides"],"post_mailing_queue_ids":[],"_links":{"self":[{"href":"https:\/\/agora.xtec.cat\/ceipvistaalegre\/wp-json\/wp\/v2\/posts\/11405","targetHints":{"allow":["GET"]}}],"collection":[{"href":"https:\/\/agora.xtec.cat\/ceipvistaalegre\/wp-json\/wp\/v2\/posts"}],"about":[{"href":"https:\/\/agora.xtec.cat\/ceipvistaalegre\/wp-json\/wp\/v2\/types\/post"}],"author":[{"embeddable":true,"href":"https:\/\/agora.xtec.cat\/ceipvistaalegre\/wp-json\/wp\/v2\/users\/4"}],"replies":[{"embeddable":true,"href":"https:\/\/agora.xtec.cat\/ceipvistaalegre\/wp-json\/wp\/v2\/comments?post=11405"}],"version-history":[{"count":6,"href":"https:\/\/agora.xtec.cat\/ceipvistaalegre\/wp-json\/wp\/v2\/posts\/11405\/revisions"}],"predecessor-version":[{"id":11415,"href":"https:\/\/agora.xtec.cat\/ceipvistaalegre\/wp-json\/wp\/v2\/posts\/11405\/revisions\/11415"}],"wp:attachment":[{"href":"https:\/\/agora.xtec.cat\/ceipvistaalegre\/wp-json\/wp\/v2\/media?parent=11405"}],"wp:term":[{"taxonomy":"category","embeddable":true,"href":"https:\/\/agora.xtec.cat\/ceipvistaalegre\/wp-json\/wp\/v2\/categories?post=11405"},{"taxonomy":"post_tag","embeddable":true,"href":"https:\/\/agora.xtec.cat\/ceipvistaalegre\/wp-json\/wp\/v2\/tags?post=11405"}],"curies":[{"name":"wp","href":"https:\/\/api.w.org\/{rel}","templated":true}]}}