{"id":11385,"date":"2025-04-08T18:00:33","date_gmt":"2025-04-08T16:00:33","guid":{"rendered":"https:\/\/agora.xtec.cat\/ceipvistaalegre\/?p=11385"},"modified":"2025-06-30T12:36:53","modified_gmt":"2025-06-30T10:36:53","slug":"activitat-la-bicicleta","status":"publish","type":"post","link":"https:\/\/agora.xtec.cat\/ceipvistaalegre\/primaria\/5e\/activitat-la-bicicleta\/","title":{"rendered":"Activitat &#8220;La bicicleta&#8221;"},"content":{"rendered":"<p>Aquest mat\u00ed els nens i nenes de cinqu\u00e8 hem tingut l&#8217;oportunitat de participar en una activitat molt especial organitzada per la policia local de Matar\u00f3. L&#8217;objectiu era promoure la seguretat vi\u00e0ria i fomentar l&#8217;\u00fas de la bicicleta com a mitj\u00e0 de transport.<\/p>\n<p>S&#8217;ha fet una xerrada on els agents han explicat la import\u00e0ncia de respectar les normes de circulaci\u00f3 i com mantenir-se segur mentre es pedala. Despr\u00e9s els nens han agafat les bicicletes per iniciar un recorregut acompanyats pels agents de policia. Durant el trajecte, han practicat les t\u00e8cniques apreses, com ara senyalitzar les maniobres i mantenir una dist\u00e0ncia segura. A m\u00e9s, els agents han aprofitat per resoldre dubtes i compartir consells sobre com ser un ciclista responsable.<\/p>\n<p>La sortida ha estat molt divertida i educativa.<\/p>\n<p><img loading=\"lazy\" decoding=\"async\" class=\"alignnone wp-image-11386\" src=\"https:\/\/agora.xtec.cat\/ceipvistaalegre\/wp-content\/uploads\/usu1936\/2025\/04\/WhatsApp-Image-2025-04-08-at-17.58.27-1024x768.jpeg\" alt=\"\" width=\"359\" height=\"269\" srcset=\"https:\/\/agora.xtec.cat\/ceipvistaalegre\/wp-content\/uploads\/usu1936\/2025\/04\/WhatsApp-Image-2025-04-08-at-17.58.27-1024x768.jpeg 1024w, https:\/\/agora.xtec.cat\/ceipvistaalegre\/wp-content\/uploads\/usu1936\/2025\/04\/WhatsApp-Image-2025-04-08-at-17.58.27-300x225.jpeg 300w, https:\/\/agora.xtec.cat\/ceipvistaalegre\/wp-content\/uploads\/usu1936\/2025\/04\/WhatsApp-Image-2025-04-08-at-17.58.27-768x576.jpeg 768w, https:\/\/agora.xtec.cat\/ceipvistaalegre\/wp-content\/uploads\/usu1936\/2025\/04\/WhatsApp-Image-2025-04-08-at-17.58.27-1536x1152.jpeg 1536w, https:\/\/agora.xtec.cat\/ceipvistaalegre\/wp-content\/uploads\/usu1936\/2025\/04\/WhatsApp-Image-2025-04-08-at-17.58.27-200x150.jpeg 200w, https:\/\/agora.xtec.cat\/ceipvistaalegre\/wp-content\/uploads\/usu1936\/2025\/04\/WhatsApp-Image-2025-04-08-at-17.58.27.jpeg 2048w\" sizes=\"auto, (max-width: 359px) 100vw, 359px\" \/><\/p>\n<p>&nbsp;<\/p>\n","protected":false},"excerpt":{"rendered":"<p>Aquest mat\u00ed els nens i nenes de cinqu\u00e8 hem tingut l&#8217;oportunitat de participar en una activitat molt especial organitzada per la policia local de Matar\u00f3. L&#8217;objectiu era promoure la seguretat vi\u00e0ria i fomentar l&#8217;\u00fas de la bicicleta com a mitj\u00e0 de transport.<br \/>\nS&#8217;ha fet una xerrada&hellip;  <a href=\"https:\/\/agora.xtec.cat\/ceipvistaalegre\/primaria\/5e\/activitat-la-bicicleta\/\" title=\"Read Activitat &#8220;La bicicleta&#8221;\">Llegeix m\u00e9s\u00bb<\/a><\/p>\n","protected":false},"author":18,"featured_media":0,"comment_status":"open","ping_status":"closed","sticky":false,"template":"","format":"standard","meta":{"_bbp_topic_count":0,"_bbp_reply_count":0,"_bbp_total_topic_count":0,"_bbp_total_reply_count":0,"_bbp_voice_count":0,"_bbp_anonymous_reply_count":0,"_bbp_topic_count_hidden":0,"_bbp_reply_count_hidden":0,"_bbp_forum_subforum_count":0,"footnotes":""},"categories":[14],"tags":[],"class_list":["post-11385","post","type-post","status-publish","format-standard","hentry","category-5e"],"post_mailing_queue_ids":[],"_links":{"self":[{"href":"https:\/\/agora.xtec.cat\/ceipvistaalegre\/wp-json\/wp\/v2\/posts\/11385","targetHints":{"allow":["GET"]}}],"collection":[{"href":"https:\/\/agora.xtec.cat\/ceipvistaalegre\/wp-json\/wp\/v2\/posts"}],"about":[{"href":"https:\/\/agora.xtec.cat\/ceipvistaalegre\/wp-json\/wp\/v2\/types\/post"}],"author":[{"embeddable":true,"href":"https:\/\/agora.xtec.cat\/ceipvistaalegre\/wp-json\/wp\/v2\/users\/18"}],"replies":[{"embeddable":true,"href":"https:\/\/agora.xtec.cat\/ceipvistaalegre\/wp-json\/wp\/v2\/comments?post=11385"}],"version-history":[{"count":1,"href":"https:\/\/agora.xtec.cat\/ceipvistaalegre\/wp-json\/wp\/v2\/posts\/11385\/revisions"}],"predecessor-version":[{"id":11387,"href":"https:\/\/agora.xtec.cat\/ceipvistaalegre\/wp-json\/wp\/v2\/posts\/11385\/revisions\/11387"}],"wp:attachment":[{"href":"https:\/\/agora.xtec.cat\/ceipvistaalegre\/wp-json\/wp\/v2\/media?parent=11385"}],"wp:term":[{"taxonomy":"category","embeddable":true,"href":"https:\/\/agora.xtec.cat\/ceipvistaalegre\/wp-json\/wp\/v2\/categories?post=11385"},{"taxonomy":"post_tag","embeddable":true,"href":"https:\/\/agora.xtec.cat\/ceipvistaalegre\/wp-json\/wp\/v2\/tags?post=11385"}],"curies":[{"name":"wp","href":"https:\/\/api.w.org\/{rel}","templated":true}]}}