{"id":11380,"date":"2025-04-07T20:26:19","date_gmt":"2025-04-07T18:26:19","guid":{"rendered":"https:\/\/agora.xtec.cat\/ceipvistaalegre\/?p=11380"},"modified":"2025-06-30T12:37:02","modified_gmt":"2025-06-30T10:37:02","slug":"racons-de-pasqua-4","status":"publish","type":"post","link":"https:\/\/agora.xtec.cat\/ceipvistaalegre\/infantil\/infantil-4-anys\/racons-de-pasqua-4\/","title":{"rendered":"Racons de Pasqua."},"content":{"rendered":"<p><a href=\"https:\/\/agora.xtec.cat\/ceipvistaalegre\/infantil\/infantil-4-anys\/racons-de-pasqua-4\/attachment\/photo-output-13-1-2\/\" rel=\"attachment wp-att-11381\"><img loading=\"lazy\" decoding=\"async\" class=\"aligncenter size-full wp-image-11381\" src=\"https:\/\/agora.xtec.cat\/ceipvistaalegre\/wp-content\/uploads\/usu1936\/2025\/04\/photo-output-13-1-scaled.jpg\" alt=\"\" width=\"2560\" height=\"2560\" srcset=\"https:\/\/agora.xtec.cat\/ceipvistaalegre\/wp-content\/uploads\/usu1936\/2025\/04\/photo-output-13-1-scaled.jpg 2560w, https:\/\/agora.xtec.cat\/ceipvistaalegre\/wp-content\/uploads\/usu1936\/2025\/04\/photo-output-13-1-300x300.jpg 300w, https:\/\/agora.xtec.cat\/ceipvistaalegre\/wp-content\/uploads\/usu1936\/2025\/04\/photo-output-13-1-1024x1024.jpg 1024w, https:\/\/agora.xtec.cat\/ceipvistaalegre\/wp-content\/uploads\/usu1936\/2025\/04\/photo-output-13-1-150x150.jpg 150w, https:\/\/agora.xtec.cat\/ceipvistaalegre\/wp-content\/uploads\/usu1936\/2025\/04\/photo-output-13-1-768x768.jpg 768w, https:\/\/agora.xtec.cat\/ceipvistaalegre\/wp-content\/uploads\/usu1936\/2025\/04\/photo-output-13-1-1536x1536.jpg 1536w, https:\/\/agora.xtec.cat\/ceipvistaalegre\/wp-content\/uploads\/usu1936\/2025\/04\/photo-output-13-1-2048x2048.jpg 2048w\" sizes=\"auto, (max-width: 2560px) 100vw, 2560px\" \/><\/a><\/p>\n<p>Al llarg d&#8217;aquests darrers dies a partir de contes, can\u00e7ons i racons ens hem endinsat en la Pasqua.<\/p>\n<p>Hem fet racons de:<\/p>\n<ul>\n<li><em>L\u00f2gica matem\u00e0tica: <\/em>hem apr\u00e8s a resoldre &#8220;sudokus&#8221;.<\/li>\n<li><em>Numeraci\u00f3<\/em>: comptatge i atenci\u00f3.<\/li>\n<li><em>Llenguatge i consci\u00e8ncia fonol\u00f2gica: <\/em>anomenar el vocabulari espec\u00edfic de Pasqua, comptar s\u00edl\u00b7labes, fer dictats muts.<\/li>\n<li><em>Creatiu: <\/em>elaborar un collage amb diferents elements de l&#8217;\u00e8poca; plomes, troquelats, estampaci\u00f3&#8230;<\/li>\n<li><em>Mini m\u00f3n<\/em>: la caseta del bosc i els animalons que hi neixen.<\/li>\n<li><em>Pl\u00e0stic<\/em>: elaborar ocellets i gallines amb diferents t\u00e8cniques i elements reciclats.<\/li>\n<\/ul>\n","protected":false},"excerpt":{"rendered":"<p><a href=\"https:\/\/agora.xtec.cat\/ceipvistaalegre\/infantil\/infantil-4-anys\/racons-de-pasqua-4\/attachment\/photo-output-13-1-2\/\" rel=\"attachment wp-att-11381\"><\/a><br \/>\nAl llarg d&#8217;aquests darrers dies a partir de contes, can\u00e7ons i racons ens hem endinsat en la Pasqua.<br \/>\nHem fet racons de:<\/p>\n<ul>\n<li>L\u00f2gica matem\u00e0tica: hem apr\u00e8s a resoldre &#8220;sudokus&#8221;.<\/li>\n<li>Numeraci\u00f3: comptatge i atenci\u00f3.<\/li>\n<li>Llenguatge i consci\u00e8ncia fonol\u00f2gica: anomenar el vocabulari espec\u00edfic de Pasqua, comptar s\u00edl\u00b7labes, fer&hellip;  <a href=\"https:\/\/agora.xtec.cat\/ceipvistaalegre\/infantil\/infantil-4-anys\/racons-de-pasqua-4\/\" title=\"Read Racons de Pasqua.\">Llegeix m\u00e9s\u00bb<\/a><br \/>\n","protected":false},"author":4,"featured_media":0,"comment_status":"open","ping_status":"closed","sticky":false,"template":"","format":"standard","meta":{"_bbp_topic_count":0,"_bbp_reply_count":0,"_bbp_total_topic_count":0,"_bbp_total_reply_count":0,"_bbp_voice_count":0,"_bbp_anonymous_reply_count":0,"_bbp_topic_count_hidden":0,"_bbp_reply_count_hidden":0,"_bbp_forum_subforum_count":0,"footnotes":""},"categories":[8],"tags":[318,355,269,147],"class_list":["post-11380","post","type-post","status-publish","format-standard","hentry","category-infantil-4-anys","tag-descoberta-de-lentorn","tag-festes-i-tradicions","tag-pasqua","tag-racons"],"post_mailing_queue_ids":[],"_links":{"self":[{"href":"https:\/\/agora.xtec.cat\/ceipvistaalegre\/wp-json\/wp\/v2\/posts\/11380","targetHints":{"allow":["GET"]}}],"collection":[{"href":"https:\/\/agora.xtec.cat\/ceipvistaalegre\/wp-json\/wp\/v2\/posts"}],"about":[{"href":"https:\/\/agora.xtec.cat\/ceipvistaalegre\/wp-json\/wp\/v2\/types\/post"}],"author":[{"embeddable":true,"href":"https:\/\/agora.xtec.cat\/ceipvistaalegre\/wp-json\/wp\/v2\/users\/4"}],"replies":[{"embeddable":true,"href":"https:\/\/agora.xtec.cat\/ceipvistaalegre\/wp-json\/wp\/v2\/comments?post=11380"}],"version-history":[{"count":3,"href":"https:\/\/agora.xtec.cat\/ceipvistaalegre\/wp-json\/wp\/v2\/posts\/11380\/revisions"}],"predecessor-version":[{"id":11384,"href":"https:\/\/agora.xtec.cat\/ceipvistaalegre\/wp-json\/wp\/v2\/posts\/11380\/revisions\/11384"}],"wp:attachment":[{"href":"https:\/\/agora.xtec.cat\/ceipvistaalegre\/wp-json\/wp\/v2\/media?parent=11380"}],"wp:term":[{"taxonomy":"category","embeddable":true,"href":"https:\/\/agora.xtec.cat\/ceipvistaalegre\/wp-json\/wp\/v2\/categories?post=11380"},{"taxonomy":"post_tag","embeddable":true,"href":"https:\/\/agora.xtec.cat\/ceipvistaalegre\/wp-json\/wp\/v2\/tags?post=11380"}],"curies":[{"name":"wp","href":"https:\/\/api.w.org\/{rel}","templated":true}]}}