{"id":11304,"date":"2025-03-18T19:46:09","date_gmt":"2025-03-18T18:46:09","guid":{"rendered":"https:\/\/agora.xtec.cat\/ceipvistaalegre\/?p=11304"},"modified":"2025-06-30T12:41:22","modified_gmt":"2025-06-30T10:41:22","slug":"sortida-auditori-de-barcelona","status":"publish","type":"post","link":"https:\/\/agora.xtec.cat\/ceipvistaalegre\/primaria\/5e\/sortida-auditori-de-barcelona\/","title":{"rendered":"Sortida Auditori de Barcelona"},"content":{"rendered":"<p>Avui els nens i nenes de cinqu\u00e8 han anat a l&#8217;Auditori de Barcelona. S&#8217;ha realitzat una activitat que es diu &#8220;Voleu tocar el Gamelan&#8221;? El gamelan \u00e9s un conjunt instrumental caracter\u00edstic d&#8217;Indon\u00e8sia, de les illes de Bali i Java.<\/p>\n<p>Est\u00e0 format per instruments de percussi\u00f3 i inclou una \u00e0mplia gamma de metal\u00b7l\u00f2fons, de l\u00e0mines, gongs i tambors de diferents mides que confereixen al conjunt una sonoritat de gran riquesa t\u00edmbrica.<\/p>\n<p>Aquest gamelan procedeix de Bali i \u00e9s una adquisici\u00f3 recent del Museu que t\u00e9 com a objectiu difondre la m\u00fasica de les cultures d&#8217;arreu del m\u00f3n, per la qual cosa els nens i nenes han tingut l&#8217;oportunitat de con\u00e8ixer-lo, tocar-lo i escoltar com sona.<\/p>\n<p><img loading=\"lazy\" decoding=\"async\" class=\"alignnone wp-image-11305\" src=\"https:\/\/agora.xtec.cat\/ceipvistaalegre\/wp-content\/uploads\/usu1936\/2025\/03\/WhatsApp-Image-2025-03-18-at-19.40.46-1024x768.jpeg\" alt=\"\" width=\"407\" height=\"305\" srcset=\"https:\/\/agora.xtec.cat\/ceipvistaalegre\/wp-content\/uploads\/usu1936\/2025\/03\/WhatsApp-Image-2025-03-18-at-19.40.46-1024x768.jpeg 1024w, https:\/\/agora.xtec.cat\/ceipvistaalegre\/wp-content\/uploads\/usu1936\/2025\/03\/WhatsApp-Image-2025-03-18-at-19.40.46-300x225.jpeg 300w, https:\/\/agora.xtec.cat\/ceipvistaalegre\/wp-content\/uploads\/usu1936\/2025\/03\/WhatsApp-Image-2025-03-18-at-19.40.46-768x576.jpeg 768w, https:\/\/agora.xtec.cat\/ceipvistaalegre\/wp-content\/uploads\/usu1936\/2025\/03\/WhatsApp-Image-2025-03-18-at-19.40.46-1536x1152.jpeg 1536w, https:\/\/agora.xtec.cat\/ceipvistaalegre\/wp-content\/uploads\/usu1936\/2025\/03\/WhatsApp-Image-2025-03-18-at-19.40.46-200x150.jpeg 200w, https:\/\/agora.xtec.cat\/ceipvistaalegre\/wp-content\/uploads\/usu1936\/2025\/03\/WhatsApp-Image-2025-03-18-at-19.40.46.jpeg 2048w\" sizes=\"auto, (max-width: 407px) 100vw, 407px\" \/><\/p>\n<p>&nbsp;<\/p>\n","protected":false},"excerpt":{"rendered":"<p>Avui els nens i nenes de cinqu\u00e8 han anat a l&#8217;Auditori de Barcelona. S&#8217;ha realitzat una activitat que es diu &#8220;Voleu tocar el Gamelan&#8221;? El gamelan \u00e9s un conjunt instrumental caracter\u00edstic d&#8217;Indon\u00e8sia, de les illes de Bali i Java.<br \/>\nEst\u00e0 format per instruments de percussi\u00f3 i&hellip;  <a href=\"https:\/\/agora.xtec.cat\/ceipvistaalegre\/primaria\/5e\/sortida-auditori-de-barcelona\/\" title=\"Read Sortida Auditori de Barcelona\">Llegeix m\u00e9s\u00bb<\/a><\/p>\n","protected":false},"author":18,"featured_media":0,"comment_status":"open","ping_status":"closed","sticky":false,"template":"","format":"standard","meta":{"_bbp_topic_count":0,"_bbp_reply_count":0,"_bbp_total_topic_count":0,"_bbp_total_reply_count":0,"_bbp_voice_count":0,"_bbp_anonymous_reply_count":0,"_bbp_topic_count_hidden":0,"_bbp_reply_count_hidden":0,"_bbp_forum_subforum_count":0,"footnotes":""},"categories":[14],"tags":[],"class_list":["post-11304","post","type-post","status-publish","format-standard","hentry","category-5e"],"post_mailing_queue_ids":[],"_links":{"self":[{"href":"https:\/\/agora.xtec.cat\/ceipvistaalegre\/wp-json\/wp\/v2\/posts\/11304","targetHints":{"allow":["GET"]}}],"collection":[{"href":"https:\/\/agora.xtec.cat\/ceipvistaalegre\/wp-json\/wp\/v2\/posts"}],"about":[{"href":"https:\/\/agora.xtec.cat\/ceipvistaalegre\/wp-json\/wp\/v2\/types\/post"}],"author":[{"embeddable":true,"href":"https:\/\/agora.xtec.cat\/ceipvistaalegre\/wp-json\/wp\/v2\/users\/18"}],"replies":[{"embeddable":true,"href":"https:\/\/agora.xtec.cat\/ceipvistaalegre\/wp-json\/wp\/v2\/comments?post=11304"}],"version-history":[{"count":1,"href":"https:\/\/agora.xtec.cat\/ceipvistaalegre\/wp-json\/wp\/v2\/posts\/11304\/revisions"}],"predecessor-version":[{"id":11306,"href":"https:\/\/agora.xtec.cat\/ceipvistaalegre\/wp-json\/wp\/v2\/posts\/11304\/revisions\/11306"}],"wp:attachment":[{"href":"https:\/\/agora.xtec.cat\/ceipvistaalegre\/wp-json\/wp\/v2\/media?parent=11304"}],"wp:term":[{"taxonomy":"category","embeddable":true,"href":"https:\/\/agora.xtec.cat\/ceipvistaalegre\/wp-json\/wp\/v2\/categories?post=11304"},{"taxonomy":"post_tag","embeddable":true,"href":"https:\/\/agora.xtec.cat\/ceipvistaalegre\/wp-json\/wp\/v2\/tags?post=11304"}],"curies":[{"name":"wp","href":"https:\/\/api.w.org\/{rel}","templated":true}]}}