{"id":11287,"date":"2025-03-18T09:18:57","date_gmt":"2025-03-18T08:18:57","guid":{"rendered":"https:\/\/agora.xtec.cat\/ceipvistaalegre\/?p=11287"},"modified":"2025-06-30T12:41:47","modified_gmt":"2025-06-30T10:41:47","slug":"taller-svb","status":"publish","type":"post","link":"https:\/\/agora.xtec.cat\/ceipvistaalegre\/primaria\/6e\/taller-svb\/","title":{"rendered":"Taller SVB"},"content":{"rendered":"<p>A Europa, di\u00e0riament 350.000 persones pateixen una mort sobtada. El 80% d\u2019elles s\u00f3n fora dels centres hospitalaris i sovint tenen lloc amb un familiar o un amic al costat.<\/p>\n<p>La superviv\u00e8ncia d\u2019aquestes persones dep\u00e8n de dos grans pilars: la realitzaci\u00f3 preco\u00e7 de maniobres de reanimaci\u00f3 cardiopulmonar (RCP) i l&#8217;acc\u00e9s r\u00e0pid a la desfibril\u00b7laci\u00f3.<\/p>\n<p>La formaci\u00f3 de la ciutadania \u00e9s una necessitat si volem assolir una millora en les taxes de superviv\u00e8ncia de les v\u00edctimes de mort sobtada.<\/p>\n<p>En aquesta presa de consci\u00e8ncia el Consell Catal\u00e0 de Ressuscitaci\u00f3 (CCR) i el Departament d\u2019Educaci\u00f3 van signar un conveni el 2015 per impulsar la formaci\u00f3 en suport vital als centres educatius mitjan\u00e7ant una formaci\u00f3 que s\u2019inicia a infantil i acaba a 4t d\u2019ESO.<\/p>\n<p>\u00c9s per aix\u00f2 que l&#8217;alumnat de 6\u00e8 ha fet un taller de Suport Vital B\u00e0sic (SVB) a c\u00e0rrec de la Regina Lluch, mare de l&#8217;escola i professional sanit\u00e0ria amb formaci\u00f3 espec\u00edfica del CCR. Aquesta formaci\u00f3 permetr\u00e0 a l&#8217;alumnat tenir consci\u00e8ncia plena del nou concepte de salut i sabent actuar davant d&#8217;una mort sobtada d&#8217;una forma totalment interioritzada i amb qualitat.<\/p>\n<p><a href=\"https:\/\/agora.xtec.cat\/ceipvistaalegre\/wp-content\/uploads\/usu1936\/2025\/03\/foto-web-scaled.jpg\"><img loading=\"lazy\" decoding=\"async\" class=\" wp-image-11288 aligncenter\" src=\"https:\/\/agora.xtec.cat\/ceipvistaalegre\/wp-content\/uploads\/usu1936\/2025\/03\/foto-web-1024x689.jpg\" alt=\"\" width=\"525\" height=\"353\" srcset=\"https:\/\/agora.xtec.cat\/ceipvistaalegre\/wp-content\/uploads\/usu1936\/2025\/03\/foto-web-1024x689.jpg 1024w, https:\/\/agora.xtec.cat\/ceipvistaalegre\/wp-content\/uploads\/usu1936\/2025\/03\/foto-web-300x202.jpg 300w, https:\/\/agora.xtec.cat\/ceipvistaalegre\/wp-content\/uploads\/usu1936\/2025\/03\/foto-web-768x516.jpg 768w, https:\/\/agora.xtec.cat\/ceipvistaalegre\/wp-content\/uploads\/usu1936\/2025\/03\/foto-web-1536x1033.jpg 1536w, https:\/\/agora.xtec.cat\/ceipvistaalegre\/wp-content\/uploads\/usu1936\/2025\/03\/foto-web-2048x1377.jpg 2048w\" sizes=\"auto, (max-width: 525px) 100vw, 525px\" \/><\/a><\/p>\n","protected":false},"excerpt":{"rendered":"<p>A Europa, di\u00e0riament 350.000 persones pateixen una mort sobtada. El 80% d\u2019elles s\u00f3n fora dels centres hospitalaris i sovint tenen lloc amb un familiar o un amic al costat.<br \/>\nLa superviv\u00e8ncia d\u2019aquestes persones dep\u00e8n de dos grans pilars: la realitzaci\u00f3 preco\u00e7 de maniobres de reanimaci\u00f3 cardiopulmonar&hellip;  <a href=\"https:\/\/agora.xtec.cat\/ceipvistaalegre\/primaria\/6e\/taller-svb\/\" title=\"Read Taller SVB\">Llegeix m\u00e9s\u00bb<\/a><\/p>\n","protected":false},"author":3,"featured_media":0,"comment_status":"open","ping_status":"closed","sticky":false,"template":"","format":"standard","meta":{"_bbp_topic_count":0,"_bbp_reply_count":0,"_bbp_total_topic_count":0,"_bbp_total_reply_count":0,"_bbp_voice_count":0,"_bbp_anonymous_reply_count":0,"_bbp_topic_count_hidden":0,"_bbp_reply_count_hidden":0,"_bbp_forum_subforum_count":0,"footnotes":""},"categories":[15],"tags":[],"class_list":["post-11287","post","type-post","status-publish","format-standard","hentry","category-6e"],"post_mailing_queue_ids":[],"_links":{"self":[{"href":"https:\/\/agora.xtec.cat\/ceipvistaalegre\/wp-json\/wp\/v2\/posts\/11287","targetHints":{"allow":["GET"]}}],"collection":[{"href":"https:\/\/agora.xtec.cat\/ceipvistaalegre\/wp-json\/wp\/v2\/posts"}],"about":[{"href":"https:\/\/agora.xtec.cat\/ceipvistaalegre\/wp-json\/wp\/v2\/types\/post"}],"author":[{"embeddable":true,"href":"https:\/\/agora.xtec.cat\/ceipvistaalegre\/wp-json\/wp\/v2\/users\/3"}],"replies":[{"embeddable":true,"href":"https:\/\/agora.xtec.cat\/ceipvistaalegre\/wp-json\/wp\/v2\/comments?post=11287"}],"version-history":[{"count":1,"href":"https:\/\/agora.xtec.cat\/ceipvistaalegre\/wp-json\/wp\/v2\/posts\/11287\/revisions"}],"predecessor-version":[{"id":11289,"href":"https:\/\/agora.xtec.cat\/ceipvistaalegre\/wp-json\/wp\/v2\/posts\/11287\/revisions\/11289"}],"wp:attachment":[{"href":"https:\/\/agora.xtec.cat\/ceipvistaalegre\/wp-json\/wp\/v2\/media?parent=11287"}],"wp:term":[{"taxonomy":"category","embeddable":true,"href":"https:\/\/agora.xtec.cat\/ceipvistaalegre\/wp-json\/wp\/v2\/categories?post=11287"},{"taxonomy":"post_tag","embeddable":true,"href":"https:\/\/agora.xtec.cat\/ceipvistaalegre\/wp-json\/wp\/v2\/tags?post=11287"}],"curies":[{"name":"wp","href":"https:\/\/api.w.org\/{rel}","templated":true}]}}