{"id":11285,"date":"2025-03-17T10:44:49","date_gmt":"2025-03-17T09:44:49","guid":{"rendered":"https:\/\/agora.xtec.cat\/ceipvistaalegre\/?p=11285"},"modified":"2025-06-30T12:41:57","modified_gmt":"2025-06-30T10:41:57","slug":"escola-vista-alegre","status":"publish","type":"post","link":"https:\/\/agora.xtec.cat\/ceipvistaalegre\/preinscripcio-i-matricula-23-24\/escola-vista-alegre\/","title":{"rendered":"Escola Vista Alegre"},"content":{"rendered":"<p>Si esteu buscant escola i no vau poder venir a la jornada de les nostres portes obertes, us deixem amb l&#8217;enlla\u00e7 de la presentaci\u00f3: horaris, organitzaci\u00f3, projecte, metodologia i activitats.<\/p>\n<p style=\"text-align: center;\"><a href=\"https:\/\/view.genially.com\/67bda2010eae1c31432ea1fe\/presentation-escola-vista-alegre-25\">CONEIX LA NOSTRA ESCOLA<\/a><\/p>\n<p><a href=\"https:\/\/agora.xtec.cat\/ceipvistaalegre\/wp-content\/uploads\/usu1936\/2024\/02\/Portes-obertes.png\"><img loading=\"lazy\" decoding=\"async\" class=\" wp-image-9651 aligncenter\" src=\"https:\/\/agora.xtec.cat\/ceipvistaalegre\/wp-content\/uploads\/usu1936\/2024\/02\/Portes-obertes-1024x576.png\" alt=\"\" width=\"507\" height=\"285\" srcset=\"https:\/\/agora.xtec.cat\/ceipvistaalegre\/wp-content\/uploads\/usu1936\/2024\/02\/Portes-obertes-1024x576.png 1024w, https:\/\/agora.xtec.cat\/ceipvistaalegre\/wp-content\/uploads\/usu1936\/2024\/02\/Portes-obertes-300x169.png 300w, https:\/\/agora.xtec.cat\/ceipvistaalegre\/wp-content\/uploads\/usu1936\/2024\/02\/Portes-obertes-768x432.png 768w, https:\/\/agora.xtec.cat\/ceipvistaalegre\/wp-content\/uploads\/usu1936\/2024\/02\/Portes-obertes-1536x864.png 1536w, https:\/\/agora.xtec.cat\/ceipvistaalegre\/wp-content\/uploads\/usu1936\/2024\/02\/Portes-obertes.png 1920w\" sizes=\"auto, (max-width: 507px) 100vw, 507px\" \/><\/a><\/p>\n","protected":false},"excerpt":{"rendered":"<p>Si esteu buscant escola i no vau poder venir a la jornada de les nostres portes obertes, us deixem amb l&#8217;enlla\u00e7 de la presentaci\u00f3: horaris, organitzaci\u00f3, projecte, metodologia i activitats.<br \/>\n<a href=\"https:\/\/view.genially.com\/67bda2010eae1c31432ea1fe\/presentation-escola-vista-alegre-25\">CONEIX LA NOSTRA ESCOLA<\/a><br \/>\n<a href=\"https:\/\/agora.xtec.cat\/ceipvistaalegre\/wp-content\/uploads\/usu1936\/2024\/02\/Portes-obertes.png\"><\/a><\/p>\n","protected":false},"author":3,"featured_media":0,"comment_status":"open","ping_status":"closed","sticky":false,"template":"","format":"standard","meta":{"_bbp_topic_count":0,"_bbp_reply_count":0,"_bbp_total_topic_count":0,"_bbp_total_reply_count":0,"_bbp_voice_count":0,"_bbp_anonymous_reply_count":0,"_bbp_topic_count_hidden":0,"_bbp_reply_count_hidden":0,"_bbp_forum_subforum_count":0,"footnotes":""},"categories":[179],"tags":[],"class_list":["post-11285","post","type-post","status-publish","format-standard","hentry","category-preinscripcio-i-matricula-23-24"],"post_mailing_queue_ids":[],"_links":{"self":[{"href":"https:\/\/agora.xtec.cat\/ceipvistaalegre\/wp-json\/wp\/v2\/posts\/11285","targetHints":{"allow":["GET"]}}],"collection":[{"href":"https:\/\/agora.xtec.cat\/ceipvistaalegre\/wp-json\/wp\/v2\/posts"}],"about":[{"href":"https:\/\/agora.xtec.cat\/ceipvistaalegre\/wp-json\/wp\/v2\/types\/post"}],"author":[{"embeddable":true,"href":"https:\/\/agora.xtec.cat\/ceipvistaalegre\/wp-json\/wp\/v2\/users\/3"}],"replies":[{"embeddable":true,"href":"https:\/\/agora.xtec.cat\/ceipvistaalegre\/wp-json\/wp\/v2\/comments?post=11285"}],"version-history":[{"count":1,"href":"https:\/\/agora.xtec.cat\/ceipvistaalegre\/wp-json\/wp\/v2\/posts\/11285\/revisions"}],"predecessor-version":[{"id":11286,"href":"https:\/\/agora.xtec.cat\/ceipvistaalegre\/wp-json\/wp\/v2\/posts\/11285\/revisions\/11286"}],"wp:attachment":[{"href":"https:\/\/agora.xtec.cat\/ceipvistaalegre\/wp-json\/wp\/v2\/media?parent=11285"}],"wp:term":[{"taxonomy":"category","embeddable":true,"href":"https:\/\/agora.xtec.cat\/ceipvistaalegre\/wp-json\/wp\/v2\/categories?post=11285"},{"taxonomy":"post_tag","embeddable":true,"href":"https:\/\/agora.xtec.cat\/ceipvistaalegre\/wp-json\/wp\/v2\/tags?post=11285"}],"curies":[{"name":"wp","href":"https:\/\/api.w.org\/{rel}","templated":true}]}}