{"id":11244,"date":"2025-03-04T18:37:49","date_gmt":"2025-03-04T17:37:49","guid":{"rendered":"https:\/\/agora.xtec.cat\/ceipvistaalegre\/?p=11244"},"modified":"2025-06-30T12:39:15","modified_gmt":"2025-06-30T10:39:15","slug":"taller-donem-una-segona-vida-als-residus","status":"publish","type":"post","link":"https:\/\/agora.xtec.cat\/ceipvistaalegre\/primaria\/5e\/taller-donem-una-segona-vida-als-residus\/","title":{"rendered":"Taller: Donem una segona vida als residus."},"content":{"rendered":"<p>Aquest mat\u00ed els alumnes de cinqu\u00e8 de prim\u00e0ria han realitzat aquest taller: &#8220;Donem una segona vida als residus&#8221;, \u00e9s una iniciativa molt interessant que forma part del projecte Cueme de Matar\u00f3, dissenyat per promoure la sostenibilitat i la consci\u00e8ncia ambiental entre la comunitat. En aquest taller, els nens i nenes tenen l&#8217;oportunitat de descobrir com els residus que habitualment considerem inservibles poden ser transformats en nous objectes \u00fatils i creatius.<\/p>\n<p>Una activitat que s&#8217;ha fet al taller, ha estat convertir samarretes velles en bosses reutilitzables per anar a comprar. Durant l&#8217;activitat els nens i nenes han treballat en equip, compartint idees i t\u00e8cniques per transformar les samarretes. Han apr\u00e8s a tallar, cosir i personalitzar les seves bosses.<\/p>\n<p><img loading=\"lazy\" decoding=\"async\" class=\"alignnone  wp-image-11245\" src=\"https:\/\/agora.xtec.cat\/ceipvistaalegre\/wp-content\/uploads\/usu1936\/2025\/03\/WhatsApp-Image-2025-03-04-at-18.35.50-768x1024.jpeg\" alt=\"\" width=\"282\" height=\"376\" srcset=\"https:\/\/agora.xtec.cat\/ceipvistaalegre\/wp-content\/uploads\/usu1936\/2025\/03\/WhatsApp-Image-2025-03-04-at-18.35.50-768x1024.jpeg 768w, https:\/\/agora.xtec.cat\/ceipvistaalegre\/wp-content\/uploads\/usu1936\/2025\/03\/WhatsApp-Image-2025-03-04-at-18.35.50-225x300.jpeg 225w, https:\/\/agora.xtec.cat\/ceipvistaalegre\/wp-content\/uploads\/usu1936\/2025\/03\/WhatsApp-Image-2025-03-04-at-18.35.50-1152x1536.jpeg 1152w, https:\/\/agora.xtec.cat\/ceipvistaalegre\/wp-content\/uploads\/usu1936\/2025\/03\/WhatsApp-Image-2025-03-04-at-18.35.50.jpeg 1536w\" sizes=\"auto, (max-width: 282px) 100vw, 282px\" \/><\/p>\n<p>&nbsp;<\/p>\n","protected":false},"excerpt":{"rendered":"<p>Aquest mat\u00ed els alumnes de cinqu\u00e8 de prim\u00e0ria han realitzat aquest taller: &#8220;Donem una segona vida als residus&#8221;, \u00e9s una iniciativa molt interessant que forma part del projecte Cueme de Matar\u00f3, dissenyat per promoure la sostenibilitat i la consci\u00e8ncia ambiental entre la comunitat. En aquest&hellip;  <a href=\"https:\/\/agora.xtec.cat\/ceipvistaalegre\/primaria\/5e\/taller-donem-una-segona-vida-als-residus\/\" title=\"Read Taller: Donem una segona vida als residus.\">Llegeix m\u00e9s\u00bb<\/a><\/p>\n","protected":false},"author":18,"featured_media":0,"comment_status":"open","ping_status":"closed","sticky":false,"template":"","format":"standard","meta":{"_bbp_topic_count":0,"_bbp_reply_count":0,"_bbp_total_topic_count":0,"_bbp_total_reply_count":0,"_bbp_voice_count":0,"_bbp_anonymous_reply_count":0,"_bbp_topic_count_hidden":0,"_bbp_reply_count_hidden":0,"_bbp_forum_subforum_count":0,"footnotes":""},"categories":[14],"tags":[],"class_list":["post-11244","post","type-post","status-publish","format-standard","hentry","category-5e"],"post_mailing_queue_ids":[],"_links":{"self":[{"href":"https:\/\/agora.xtec.cat\/ceipvistaalegre\/wp-json\/wp\/v2\/posts\/11244","targetHints":{"allow":["GET"]}}],"collection":[{"href":"https:\/\/agora.xtec.cat\/ceipvistaalegre\/wp-json\/wp\/v2\/posts"}],"about":[{"href":"https:\/\/agora.xtec.cat\/ceipvistaalegre\/wp-json\/wp\/v2\/types\/post"}],"author":[{"embeddable":true,"href":"https:\/\/agora.xtec.cat\/ceipvistaalegre\/wp-json\/wp\/v2\/users\/18"}],"replies":[{"embeddable":true,"href":"https:\/\/agora.xtec.cat\/ceipvistaalegre\/wp-json\/wp\/v2\/comments?post=11244"}],"version-history":[{"count":1,"href":"https:\/\/agora.xtec.cat\/ceipvistaalegre\/wp-json\/wp\/v2\/posts\/11244\/revisions"}],"predecessor-version":[{"id":11246,"href":"https:\/\/agora.xtec.cat\/ceipvistaalegre\/wp-json\/wp\/v2\/posts\/11244\/revisions\/11246"}],"wp:attachment":[{"href":"https:\/\/agora.xtec.cat\/ceipvistaalegre\/wp-json\/wp\/v2\/media?parent=11244"}],"wp:term":[{"taxonomy":"category","embeddable":true,"href":"https:\/\/agora.xtec.cat\/ceipvistaalegre\/wp-json\/wp\/v2\/categories?post=11244"},{"taxonomy":"post_tag","embeddable":true,"href":"https:\/\/agora.xtec.cat\/ceipvistaalegre\/wp-json\/wp\/v2\/tags?post=11244"}],"curies":[{"name":"wp","href":"https:\/\/api.w.org\/{rel}","templated":true}]}}