{"id":11241,"date":"2025-03-03T10:10:52","date_gmt":"2025-03-03T09:10:52","guid":{"rendered":"https:\/\/agora.xtec.cat\/ceipvistaalegre\/?p=11241"},"modified":"2025-03-03T10:10:52","modified_gmt":"2025-03-03T09:10:52","slug":"carnaval-2025","status":"publish","type":"post","link":"https:\/\/agora.xtec.cat\/ceipvistaalegre\/primaria\/6e\/carnaval-2025\/","title":{"rendered":"Carnaval 2025"},"content":{"rendered":"<p>Com a tradici\u00f3 d&#8217;escola, els encarregats d&#8217;organitzar el Carnaval s\u00f3n els nens i nenes de 6\u00e8.<\/p>\n<p>Cada any, dissenyen el personatge, s&#8217;imaginen com anir\u00e0 vestit i elaboren entre tots i totes el preg\u00f3. El dia de la festa, s\u00f3n els encarregats de la seva arribada i de portar la festa i la disbauxa a la nostra escola.<\/p>\n<p>Aquest curs, els nens i nenes han volgut fer una festa de tots colors amb molta alegria, amb el Rei Iris, provinent del m\u00f3n dels colors.<\/p>\n<p>Enhorabona per la tasca, la vostra implicaci\u00f3 i les ganes de fer d&#8217;aquesta festa una celebraci\u00f3 molt bonica!<\/p>\n<p><a href=\"https:\/\/agora.xtec.cat\/ceipvistaalegre\/wp-content\/uploads\/usu1936\/2025\/03\/IMG_0288-1-scaled.jpg\"><img loading=\"lazy\" decoding=\"async\" class=\" wp-image-11242 aligncenter\" src=\"https:\/\/agora.xtec.cat\/ceipvistaalegre\/wp-content\/uploads\/usu1936\/2025\/03\/IMG_0288-1-1024x768.jpg\" alt=\"\" width=\"594\" height=\"445\" srcset=\"https:\/\/agora.xtec.cat\/ceipvistaalegre\/wp-content\/uploads\/usu1936\/2025\/03\/IMG_0288-1-1024x768.jpg 1024w, https:\/\/agora.xtec.cat\/ceipvistaalegre\/wp-content\/uploads\/usu1936\/2025\/03\/IMG_0288-1-300x225.jpg 300w, https:\/\/agora.xtec.cat\/ceipvistaalegre\/wp-content\/uploads\/usu1936\/2025\/03\/IMG_0288-1-768x576.jpg 768w, https:\/\/agora.xtec.cat\/ceipvistaalegre\/wp-content\/uploads\/usu1936\/2025\/03\/IMG_0288-1-1536x1152.jpg 1536w, https:\/\/agora.xtec.cat\/ceipvistaalegre\/wp-content\/uploads\/usu1936\/2025\/03\/IMG_0288-1-2048x1536.jpg 2048w, https:\/\/agora.xtec.cat\/ceipvistaalegre\/wp-content\/uploads\/usu1936\/2025\/03\/IMG_0288-1-200x150.jpg 200w\" sizes=\"auto, (max-width: 594px) 100vw, 594px\" \/><\/a><\/p>\n","protected":false},"excerpt":{"rendered":"<p>Com a tradici\u00f3 d&#8217;escola, els encarregats d&#8217;organitzar el Carnaval s\u00f3n els nens i nenes de 6\u00e8.<br \/>\nCada any, dissenyen el personatge, s&#8217;imaginen com anir\u00e0 vestit i elaboren entre tots i totes el preg\u00f3. El dia de la festa, s\u00f3n els encarregats de la seva arribada i&hellip;  <a href=\"https:\/\/agora.xtec.cat\/ceipvistaalegre\/primaria\/6e\/carnaval-2025\/\" title=\"Read Carnaval 2025\">Llegeix m\u00e9s\u00bb<\/a><\/p>\n","protected":false},"author":3,"featured_media":0,"comment_status":"open","ping_status":"closed","sticky":false,"template":"","format":"standard","meta":{"_bbp_topic_count":0,"_bbp_reply_count":0,"_bbp_total_topic_count":0,"_bbp_total_reply_count":0,"_bbp_voice_count":0,"_bbp_anonymous_reply_count":0,"_bbp_topic_count_hidden":0,"_bbp_reply_count_hidden":0,"_bbp_forum_subforum_count":0,"footnotes":""},"categories":[15],"tags":[],"class_list":["post-11241","post","type-post","status-publish","format-standard","hentry","category-6e"],"post_mailing_queue_ids":[],"_links":{"self":[{"href":"https:\/\/agora.xtec.cat\/ceipvistaalegre\/wp-json\/wp\/v2\/posts\/11241","targetHints":{"allow":["GET"]}}],"collection":[{"href":"https:\/\/agora.xtec.cat\/ceipvistaalegre\/wp-json\/wp\/v2\/posts"}],"about":[{"href":"https:\/\/agora.xtec.cat\/ceipvistaalegre\/wp-json\/wp\/v2\/types\/post"}],"author":[{"embeddable":true,"href":"https:\/\/agora.xtec.cat\/ceipvistaalegre\/wp-json\/wp\/v2\/users\/3"}],"replies":[{"embeddable":true,"href":"https:\/\/agora.xtec.cat\/ceipvistaalegre\/wp-json\/wp\/v2\/comments?post=11241"}],"version-history":[{"count":1,"href":"https:\/\/agora.xtec.cat\/ceipvistaalegre\/wp-json\/wp\/v2\/posts\/11241\/revisions"}],"predecessor-version":[{"id":11243,"href":"https:\/\/agora.xtec.cat\/ceipvistaalegre\/wp-json\/wp\/v2\/posts\/11241\/revisions\/11243"}],"wp:attachment":[{"href":"https:\/\/agora.xtec.cat\/ceipvistaalegre\/wp-json\/wp\/v2\/media?parent=11241"}],"wp:term":[{"taxonomy":"category","embeddable":true,"href":"https:\/\/agora.xtec.cat\/ceipvistaalegre\/wp-json\/wp\/v2\/categories?post=11241"},{"taxonomy":"post_tag","embeddable":true,"href":"https:\/\/agora.xtec.cat\/ceipvistaalegre\/wp-json\/wp\/v2\/tags?post=11241"}],"curies":[{"name":"wp","href":"https:\/\/api.w.org\/{rel}","templated":true}]}}