{"id":11226,"date":"2025-02-27T07:52:32","date_gmt":"2025-02-27T06:52:32","guid":{"rendered":"https:\/\/agora.xtec.cat\/ceipvistaalegre\/?p=11226"},"modified":"2025-02-27T07:53:21","modified_gmt":"2025-02-27T06:53:21","slug":"bombers-per-un-dia","status":"publish","type":"post","link":"https:\/\/agora.xtec.cat\/ceipvistaalegre\/primaria\/la-classe-dels-pirates\/bombers-per-un-dia\/","title":{"rendered":"Bombers per un dia!"},"content":{"rendered":"<p>Els nens i nenes de 3r vam anar a visitar el parc de bombers de Matar\u00f3 per poder con\u00e8ixer de primera m\u00e0 la seva tasca, els equips i vehicles que tenen i les instal\u00b7lacions on treballen. Ens van donar tot de consells b\u00e0sics i recordatoris per la prevenci\u00f3 i autoprotecci\u00f3 davant d\u2019un incendi.<\/p>\n<p>Va ser molt interessant i, fins i tot, ens van deixar pujar a un dels seus camions i provar de tirar aigua amb les seves m\u00e0negues!<\/p>\n<p><a href=\"https:\/\/agora.xtec.cat\/ceipvistaalegre\/wp-content\/uploads\/usu1936\/2025\/02\/IMG_4532-rotated.jpeg\"><img loading=\"lazy\" decoding=\"async\" class=\"aligncenter size-full wp-image-11227\" src=\"https:\/\/agora.xtec.cat\/ceipvistaalegre\/wp-content\/uploads\/usu1936\/2025\/02\/IMG_4532-rotated.jpeg\" alt=\"\" width=\"480\" height=\"640\" srcset=\"https:\/\/agora.xtec.cat\/ceipvistaalegre\/wp-content\/uploads\/usu1936\/2025\/02\/IMG_4532-rotated.jpeg 480w, https:\/\/agora.xtec.cat\/ceipvistaalegre\/wp-content\/uploads\/usu1936\/2025\/02\/IMG_4532-225x300.jpeg 225w\" sizes=\"auto, (max-width: 480px) 100vw, 480px\" \/><\/a><\/p>\n","protected":false},"excerpt":{"rendered":"<p>Els nens i nenes de 3r vam anar a visitar el parc de bombers de Matar\u00f3 per poder con\u00e8ixer de primera m\u00e0 la seva tasca, els equips i vehicles que tenen i les instal\u00b7lacions on treballen. Ens van donar tot de consells b\u00e0sics i recordatoris&hellip;  <a href=\"https:\/\/agora.xtec.cat\/ceipvistaalegre\/primaria\/la-classe-dels-pirates\/bombers-per-un-dia\/\" title=\"Read Bombers per un dia!\">Llegeix m\u00e9s\u00bb<\/a><\/p>\n","protected":false},"author":22,"featured_media":0,"comment_status":"open","ping_status":"closed","sticky":false,"template":"","format":"standard","meta":{"_bbp_topic_count":0,"_bbp_reply_count":0,"_bbp_total_topic_count":0,"_bbp_total_reply_count":0,"_bbp_voice_count":0,"_bbp_anonymous_reply_count":0,"_bbp_topic_count_hidden":0,"_bbp_reply_count_hidden":0,"_bbp_forum_subforum_count":0,"footnotes":""},"categories":[12],"tags":[],"class_list":["post-11226","post","type-post","status-publish","format-standard","hentry","category-la-classe-dels-pirates"],"post_mailing_queue_ids":[],"_links":{"self":[{"href":"https:\/\/agora.xtec.cat\/ceipvistaalegre\/wp-json\/wp\/v2\/posts\/11226","targetHints":{"allow":["GET"]}}],"collection":[{"href":"https:\/\/agora.xtec.cat\/ceipvistaalegre\/wp-json\/wp\/v2\/posts"}],"about":[{"href":"https:\/\/agora.xtec.cat\/ceipvistaalegre\/wp-json\/wp\/v2\/types\/post"}],"author":[{"embeddable":true,"href":"https:\/\/agora.xtec.cat\/ceipvistaalegre\/wp-json\/wp\/v2\/users\/22"}],"replies":[{"embeddable":true,"href":"https:\/\/agora.xtec.cat\/ceipvistaalegre\/wp-json\/wp\/v2\/comments?post=11226"}],"version-history":[{"count":1,"href":"https:\/\/agora.xtec.cat\/ceipvistaalegre\/wp-json\/wp\/v2\/posts\/11226\/revisions"}],"predecessor-version":[{"id":11228,"href":"https:\/\/agora.xtec.cat\/ceipvistaalegre\/wp-json\/wp\/v2\/posts\/11226\/revisions\/11228"}],"wp:attachment":[{"href":"https:\/\/agora.xtec.cat\/ceipvistaalegre\/wp-json\/wp\/v2\/media?parent=11226"}],"wp:term":[{"taxonomy":"category","embeddable":true,"href":"https:\/\/agora.xtec.cat\/ceipvistaalegre\/wp-json\/wp\/v2\/categories?post=11226"},{"taxonomy":"post_tag","embeddable":true,"href":"https:\/\/agora.xtec.cat\/ceipvistaalegre\/wp-json\/wp\/v2\/tags?post=11226"}],"curies":[{"name":"wp","href":"https:\/\/api.w.org\/{rel}","templated":true}]}}