{"id":11210,"date":"2025-02-25T20:11:15","date_gmt":"2025-02-25T19:11:15","guid":{"rendered":"https:\/\/agora.xtec.cat\/ceipvistaalegre\/?p=11210"},"modified":"2025-02-25T20:46:04","modified_gmt":"2025-02-25T19:46:04","slug":"bosc-gelat","status":"publish","type":"post","link":"https:\/\/agora.xtec.cat\/ceipvistaalegre\/infantil\/infantil-4-anys\/bosc-gelat\/","title":{"rendered":"Bosc gelat."},"content":{"rendered":"<p><a href=\"https:\/\/agora.xtec.cat\/ceipvistaalegre\/infantil\/infantil-4-anys\/bosc-gelat\/attachment\/photo-output-8-1-3\/\" rel=\"attachment wp-att-11213\"><img loading=\"lazy\" decoding=\"async\" class=\"aligncenter size-full wp-image-11213\" src=\"https:\/\/agora.xtec.cat\/ceipvistaalegre\/wp-content\/uploads\/usu1936\/2025\/02\/photo-output-8-1-scaled.jpg\" alt=\"\" width=\"2560\" height=\"2560\" srcset=\"https:\/\/agora.xtec.cat\/ceipvistaalegre\/wp-content\/uploads\/usu1936\/2025\/02\/photo-output-8-1-scaled.jpg 2560w, https:\/\/agora.xtec.cat\/ceipvistaalegre\/wp-content\/uploads\/usu1936\/2025\/02\/photo-output-8-1-300x300.jpg 300w, https:\/\/agora.xtec.cat\/ceipvistaalegre\/wp-content\/uploads\/usu1936\/2025\/02\/photo-output-8-1-1024x1024.jpg 1024w, https:\/\/agora.xtec.cat\/ceipvistaalegre\/wp-content\/uploads\/usu1936\/2025\/02\/photo-output-8-1-150x150.jpg 150w, https:\/\/agora.xtec.cat\/ceipvistaalegre\/wp-content\/uploads\/usu1936\/2025\/02\/photo-output-8-1-768x768.jpg 768w, https:\/\/agora.xtec.cat\/ceipvistaalegre\/wp-content\/uploads\/usu1936\/2025\/02\/photo-output-8-1-1536x1536.jpg 1536w, https:\/\/agora.xtec.cat\/ceipvistaalegre\/wp-content\/uploads\/usu1936\/2025\/02\/photo-output-8-1-2048x2048.jpg 2048w\" sizes=\"auto, (max-width: 2560px) 100vw, 2560px\" \/><\/a><\/p>\n<p>Les nenes i els nens d&#8217;I4 hem pintat un bosc d&#8217;hivern. Hem observat fotografies de diferents boscos que ens han perm\u00e8s parlar dels colors, de la llum, dels fen\u00f2mens meteorol\u00f2gics, de la natura&#8230; Despr\u00e9s, cada infant ha fet la seva pr\u00f2pia creaci\u00f3. Hem utilitzat diverses t\u00e8cniques: estampaci\u00f3 amb paper bombolla, ceres toves i pintura&#8230;<\/p>\n","protected":false},"excerpt":{"rendered":"<p><a href=\"https:\/\/agora.xtec.cat\/ceipvistaalegre\/infantil\/infantil-4-anys\/bosc-gelat\/attachment\/photo-output-8-1-3\/\" rel=\"attachment wp-att-11213\"><\/a><br \/>\nLes nenes i els nens d&#8217;I4 hem pintat un bosc d&#8217;hivern. Hem observat fotografies de diferents boscos que ens han perm\u00e8s parlar dels colors, de la llum, dels fen\u00f2mens meteorol\u00f2gics, de la natura&#8230; Despr\u00e9s, cada infant ha fet la seva pr\u00f2pia creaci\u00f3.&hellip;  <a href=\"https:\/\/agora.xtec.cat\/ceipvistaalegre\/infantil\/infantil-4-anys\/bosc-gelat\/\" title=\"Read Bosc gelat.\">Llegeix m\u00e9s\u00bb<\/a><\/p>\n","protected":false},"author":4,"featured_media":0,"comment_status":"open","ping_status":"closed","sticky":false,"template":"","format":"standard","meta":{"_bbp_topic_count":0,"_bbp_reply_count":0,"_bbp_total_topic_count":0,"_bbp_total_reply_count":0,"_bbp_voice_count":0,"_bbp_anonymous_reply_count":0,"_bbp_topic_count_hidden":0,"_bbp_reply_count_hidden":0,"_bbp_forum_subforum_count":0,"footnotes":""},"categories":[8],"tags":[318,178,329],"class_list":["post-11210","post","type-post","status-publish","format-standard","hentry","category-infantil-4-anys","tag-descoberta-de-lentorn","tag-hivern","tag-llenguatge-plastic"],"post_mailing_queue_ids":[],"_links":{"self":[{"href":"https:\/\/agora.xtec.cat\/ceipvistaalegre\/wp-json\/wp\/v2\/posts\/11210","targetHints":{"allow":["GET"]}}],"collection":[{"href":"https:\/\/agora.xtec.cat\/ceipvistaalegre\/wp-json\/wp\/v2\/posts"}],"about":[{"href":"https:\/\/agora.xtec.cat\/ceipvistaalegre\/wp-json\/wp\/v2\/types\/post"}],"author":[{"embeddable":true,"href":"https:\/\/agora.xtec.cat\/ceipvistaalegre\/wp-json\/wp\/v2\/users\/4"}],"replies":[{"embeddable":true,"href":"https:\/\/agora.xtec.cat\/ceipvistaalegre\/wp-json\/wp\/v2\/comments?post=11210"}],"version-history":[{"count":6,"href":"https:\/\/agora.xtec.cat\/ceipvistaalegre\/wp-json\/wp\/v2\/posts\/11210\/revisions"}],"predecessor-version":[{"id":11223,"href":"https:\/\/agora.xtec.cat\/ceipvistaalegre\/wp-json\/wp\/v2\/posts\/11210\/revisions\/11223"}],"wp:attachment":[{"href":"https:\/\/agora.xtec.cat\/ceipvistaalegre\/wp-json\/wp\/v2\/media?parent=11210"}],"wp:term":[{"taxonomy":"category","embeddable":true,"href":"https:\/\/agora.xtec.cat\/ceipvistaalegre\/wp-json\/wp\/v2\/categories?post=11210"},{"taxonomy":"post_tag","embeddable":true,"href":"https:\/\/agora.xtec.cat\/ceipvistaalegre\/wp-json\/wp\/v2\/tags?post=11210"}],"curies":[{"name":"wp","href":"https:\/\/api.w.org\/{rel}","templated":true}]}}