{"id":11196,"date":"2025-02-20T17:39:06","date_gmt":"2025-02-20T16:39:06","guid":{"rendered":"https:\/\/agora.xtec.cat\/ceipvistaalegre\/?p=11196"},"modified":"2025-02-20T17:39:06","modified_gmt":"2025-02-20T16:39:06","slug":"exposicio-llengues-maternes","status":"publish","type":"post","link":"https:\/\/agora.xtec.cat\/ceipvistaalegre\/primaria\/6e\/exposicio-llengues-maternes\/","title":{"rendered":"Exposici\u00f3 lleng\u00fces maternes"},"content":{"rendered":"<p>A la nostra ciutat es parlen m\u00e9s de 100 lleng\u00fces diferents, una riquesa cultural que cal posar en valor.<\/p>\n<p>Matar\u00f3 es suma a la celebraci\u00f3 del Dia Internacional de la Llengua Materna, que es commemora el 21 de febrer. M\u00e9s enll\u00e0 del catal\u00e0 i del castell\u00e0, \u00e9s molt habitual que als carrers s\u2019hi escolti l\u2019\u00e0rab o l\u2019amazic, aix\u00ed com el xin\u00e8s mandar\u00ed, el mandinga o el rus.<\/p>\n<p>L&#8217;alumnat de 6\u00e8 ha anat a l&#8217;exposici\u00f3 &#8220;Les lleng\u00fces dels catalans. Les lleng\u00fces de Matar\u00f3&#8221; que es troba a la biblioteca Pompeu Fabra. All\u00e0, han pogut debatre sobre la import\u00e0ncia i el valor de la llengua materna, aix\u00ed com con\u00e8ixer frases fetes que s&#8217;utilitzen als diferents pa\u00efsos.<\/p>\n<p><a href=\"https:\/\/agora.xtec.cat\/ceipvistaalegre\/wp-content\/uploads\/usu1936\/2025\/02\/PXL_20250218_094517106.MP-2-scaled.jpg\"><img loading=\"lazy\" decoding=\"async\" class=\" wp-image-11197 aligncenter\" src=\"https:\/\/agora.xtec.cat\/ceipvistaalegre\/wp-content\/uploads\/usu1936\/2025\/02\/PXL_20250218_094517106.MP-2-771x1024.jpg\" alt=\"\" width=\"416\" height=\"552\" srcset=\"https:\/\/agora.xtec.cat\/ceipvistaalegre\/wp-content\/uploads\/usu1936\/2025\/02\/PXL_20250218_094517106.MP-2-771x1024.jpg 771w, https:\/\/agora.xtec.cat\/ceipvistaalegre\/wp-content\/uploads\/usu1936\/2025\/02\/PXL_20250218_094517106.MP-2-226x300.jpg 226w, https:\/\/agora.xtec.cat\/ceipvistaalegre\/wp-content\/uploads\/usu1936\/2025\/02\/PXL_20250218_094517106.MP-2-768x1020.jpg 768w, https:\/\/agora.xtec.cat\/ceipvistaalegre\/wp-content\/uploads\/usu1936\/2025\/02\/PXL_20250218_094517106.MP-2-1157x1536.jpg 1157w, https:\/\/agora.xtec.cat\/ceipvistaalegre\/wp-content\/uploads\/usu1936\/2025\/02\/PXL_20250218_094517106.MP-2-1542x2048.jpg 1542w, https:\/\/agora.xtec.cat\/ceipvistaalegre\/wp-content\/uploads\/usu1936\/2025\/02\/PXL_20250218_094517106.MP-2-scaled.jpg 1928w\" sizes=\"auto, (max-width: 416px) 100vw, 416px\" \/><\/a>.<\/p>\n<p>&nbsp;<\/p>\n","protected":false},"excerpt":{"rendered":"<p>A la nostra ciutat es parlen m\u00e9s de 100 lleng\u00fces diferents, una riquesa cultural que cal posar en valor.<br \/>\nMatar\u00f3 es suma a la celebraci\u00f3 del Dia Internacional de la Llengua Materna, que es commemora el 21 de febrer. M\u00e9s enll\u00e0 del catal\u00e0 i del castell\u00e0,&hellip;  <a href=\"https:\/\/agora.xtec.cat\/ceipvistaalegre\/primaria\/6e\/exposicio-llengues-maternes\/\" title=\"Read Exposici\u00f3 lleng\u00fces maternes\">Llegeix m\u00e9s\u00bb<\/a><\/p>\n","protected":false},"author":3,"featured_media":0,"comment_status":"open","ping_status":"closed","sticky":false,"template":"","format":"standard","meta":{"_bbp_topic_count":0,"_bbp_reply_count":0,"_bbp_total_topic_count":0,"_bbp_total_reply_count":0,"_bbp_voice_count":0,"_bbp_anonymous_reply_count":0,"_bbp_topic_count_hidden":0,"_bbp_reply_count_hidden":0,"_bbp_forum_subforum_count":0,"footnotes":""},"categories":[15],"tags":[],"class_list":["post-11196","post","type-post","status-publish","format-standard","hentry","category-6e"],"post_mailing_queue_ids":[],"_links":{"self":[{"href":"https:\/\/agora.xtec.cat\/ceipvistaalegre\/wp-json\/wp\/v2\/posts\/11196","targetHints":{"allow":["GET"]}}],"collection":[{"href":"https:\/\/agora.xtec.cat\/ceipvistaalegre\/wp-json\/wp\/v2\/posts"}],"about":[{"href":"https:\/\/agora.xtec.cat\/ceipvistaalegre\/wp-json\/wp\/v2\/types\/post"}],"author":[{"embeddable":true,"href":"https:\/\/agora.xtec.cat\/ceipvistaalegre\/wp-json\/wp\/v2\/users\/3"}],"replies":[{"embeddable":true,"href":"https:\/\/agora.xtec.cat\/ceipvistaalegre\/wp-json\/wp\/v2\/comments?post=11196"}],"version-history":[{"count":1,"href":"https:\/\/agora.xtec.cat\/ceipvistaalegre\/wp-json\/wp\/v2\/posts\/11196\/revisions"}],"predecessor-version":[{"id":11198,"href":"https:\/\/agora.xtec.cat\/ceipvistaalegre\/wp-json\/wp\/v2\/posts\/11196\/revisions\/11198"}],"wp:attachment":[{"href":"https:\/\/agora.xtec.cat\/ceipvistaalegre\/wp-json\/wp\/v2\/media?parent=11196"}],"wp:term":[{"taxonomy":"category","embeddable":true,"href":"https:\/\/agora.xtec.cat\/ceipvistaalegre\/wp-json\/wp\/v2\/categories?post=11196"},{"taxonomy":"post_tag","embeddable":true,"href":"https:\/\/agora.xtec.cat\/ceipvistaalegre\/wp-json\/wp\/v2\/tags?post=11196"}],"curies":[{"name":"wp","href":"https:\/\/api.w.org\/{rel}","templated":true}]}}