{"id":11155,"date":"2025-02-10T14:18:26","date_gmt":"2025-02-10T13:18:26","guid":{"rendered":"https:\/\/agora.xtec.cat\/ceipvistaalegre\/?p=11155"},"modified":"2025-02-20T17:40:07","modified_gmt":"2025-02-20T16:40:07","slug":"descobrim-i-experiementem-amb-les-cebes","status":"publish","type":"post","link":"https:\/\/agora.xtec.cat\/ceipvistaalegre\/hort\/descobrim-i-experiementem-amb-les-cebes\/","title":{"rendered":"DESCOBRIM I EXPERIMENTEM AMB LES CEBES"},"content":{"rendered":"<p>Els i les Momerotetes han collit les cebes de l&#8217;hort i han fet tota una feina de descoberta: les han observat amb la lupa, les han mesurat, les han olorat, les han pelat, les han tallat i finalment, qui ha volgut les han tastat.<\/p>\n<p>En una altra sessi\u00f3 han fet una activitat pl\u00e0stica de fer tra\u00e7os amb les tiges de les cebes i d&#8217;estampacions amb el cos de les seves, utilitzant els colors de l&#8217;hivern.<\/p>\n<p>L&#8217;hort fa possible que aprenem descobrint i vivenciant l&#8217;aprenentatge<\/p>\n<p><a href=\"https:\/\/agora.xtec.cat\/ceipvistaalegre\/wp-content\/uploads\/usu1936\/2025\/02\/IMG_20250209_233005-scaled.jpg\"><img loading=\"lazy\" decoding=\"async\" class=\"alignnone size-large wp-image-11156\" src=\"https:\/\/agora.xtec.cat\/ceipvistaalegre\/wp-content\/uploads\/usu1936\/2025\/02\/IMG_20250209_233005-777x1024.jpg\" alt=\"\" width=\"777\" height=\"1024\" srcset=\"https:\/\/agora.xtec.cat\/ceipvistaalegre\/wp-content\/uploads\/usu1936\/2025\/02\/IMG_20250209_233005-777x1024.jpg 777w, https:\/\/agora.xtec.cat\/ceipvistaalegre\/wp-content\/uploads\/usu1936\/2025\/02\/IMG_20250209_233005-227x300.jpg 227w, https:\/\/agora.xtec.cat\/ceipvistaalegre\/wp-content\/uploads\/usu1936\/2025\/02\/IMG_20250209_233005-768x1013.jpg 768w, https:\/\/agora.xtec.cat\/ceipvistaalegre\/wp-content\/uploads\/usu1936\/2025\/02\/IMG_20250209_233005-1165x1536.jpg 1165w, https:\/\/agora.xtec.cat\/ceipvistaalegre\/wp-content\/uploads\/usu1936\/2025\/02\/IMG_20250209_233005-1553x2048.jpg 1553w, https:\/\/agora.xtec.cat\/ceipvistaalegre\/wp-content\/uploads\/usu1936\/2025\/02\/IMG_20250209_233005-scaled.jpg 1941w\" sizes=\"auto, (max-width: 777px) 100vw, 777px\" \/><\/a><\/p>\n","protected":false},"excerpt":{"rendered":"<p>Els i les Momerotetes han collit les cebes de l&#8217;hort i han fet tota una feina de descoberta: les han observat amb la lupa, les han mesurat, les han olorat, les han pelat, les han tallat i finalment, qui ha volgut les han tastat.<br \/>\nEn una&hellip;  <a href=\"https:\/\/agora.xtec.cat\/ceipvistaalegre\/hort\/descobrim-i-experiementem-amb-les-cebes\/\" title=\"Read DESCOBRIM I EXPERIMENTEM AMB LES CEBES\">Llegeix m\u00e9s\u00bb<\/a><\/p>\n","protected":false},"author":15,"featured_media":0,"comment_status":"open","ping_status":"closed","sticky":false,"template":"","format":"standard","meta":{"_bbp_topic_count":0,"_bbp_reply_count":0,"_bbp_total_topic_count":0,"_bbp_total_reply_count":0,"_bbp_voice_count":0,"_bbp_anonymous_reply_count":0,"_bbp_topic_count_hidden":0,"_bbp_reply_count_hidden":0,"_bbp_forum_subforum_count":0,"footnotes":""},"categories":[225,220],"tags":[],"class_list":["post-11155","post","type-post","status-publish","format-standard","hentry","category-infantil-5-anys","category-hort"],"post_mailing_queue_ids":[],"_links":{"self":[{"href":"https:\/\/agora.xtec.cat\/ceipvistaalegre\/wp-json\/wp\/v2\/posts\/11155","targetHints":{"allow":["GET"]}}],"collection":[{"href":"https:\/\/agora.xtec.cat\/ceipvistaalegre\/wp-json\/wp\/v2\/posts"}],"about":[{"href":"https:\/\/agora.xtec.cat\/ceipvistaalegre\/wp-json\/wp\/v2\/types\/post"}],"author":[{"embeddable":true,"href":"https:\/\/agora.xtec.cat\/ceipvistaalegre\/wp-json\/wp\/v2\/users\/15"}],"replies":[{"embeddable":true,"href":"https:\/\/agora.xtec.cat\/ceipvistaalegre\/wp-json\/wp\/v2\/comments?post=11155"}],"version-history":[{"count":2,"href":"https:\/\/agora.xtec.cat\/ceipvistaalegre\/wp-json\/wp\/v2\/posts\/11155\/revisions"}],"predecessor-version":[{"id":11199,"href":"https:\/\/agora.xtec.cat\/ceipvistaalegre\/wp-json\/wp\/v2\/posts\/11155\/revisions\/11199"}],"wp:attachment":[{"href":"https:\/\/agora.xtec.cat\/ceipvistaalegre\/wp-json\/wp\/v2\/media?parent=11155"}],"wp:term":[{"taxonomy":"category","embeddable":true,"href":"https:\/\/agora.xtec.cat\/ceipvistaalegre\/wp-json\/wp\/v2\/categories?post=11155"},{"taxonomy":"post_tag","embeddable":true,"href":"https:\/\/agora.xtec.cat\/ceipvistaalegre\/wp-json\/wp\/v2\/tags?post=11155"}],"curies":[{"name":"wp","href":"https:\/\/api.w.org\/{rel}","templated":true}]}}