{"id":11149,"date":"2025-02-10T15:20:59","date_gmt":"2025-02-10T14:20:59","guid":{"rendered":"https:\/\/agora.xtec.cat\/ceipvistaalegre\/?p=11149"},"modified":"2025-02-20T17:40:35","modified_gmt":"2025-02-20T16:40:35","slug":"avui-sopem-broquil","status":"publish","type":"post","link":"https:\/\/agora.xtec.cat\/ceipvistaalegre\/general\/avui-sopem-broquil\/","title":{"rendered":"AVUI SOPEM BR\u00d2QUIL"},"content":{"rendered":"<p>Els i les Momerotes han collit els br\u00f2quils que havien plantat al mes d&#8217;octubre. Han sigut una mica dormilegues, per\u00f2 al final han crescut i segur que han pogut preparar\u00a0 a casa una bona crema de br\u00f2quil per sopar.<\/p>\n<p><a href=\"https:\/\/agora.xtec.cat\/ceipvistaalegre\/wp-content\/uploads\/usu1936\/2025\/02\/IMG_20250209_231353-scaled.jpg\"><img loading=\"lazy\" decoding=\"async\" class=\"alignnone size-large wp-image-11150\" src=\"https:\/\/agora.xtec.cat\/ceipvistaalegre\/wp-content\/uploads\/usu1936\/2025\/02\/IMG_20250209_231353-777x1024.jpg\" alt=\"\" width=\"777\" height=\"1024\" srcset=\"https:\/\/agora.xtec.cat\/ceipvistaalegre\/wp-content\/uploads\/usu1936\/2025\/02\/IMG_20250209_231353-777x1024.jpg 777w, https:\/\/agora.xtec.cat\/ceipvistaalegre\/wp-content\/uploads\/usu1936\/2025\/02\/IMG_20250209_231353-227x300.jpg 227w, https:\/\/agora.xtec.cat\/ceipvistaalegre\/wp-content\/uploads\/usu1936\/2025\/02\/IMG_20250209_231353-768x1013.jpg 768w, https:\/\/agora.xtec.cat\/ceipvistaalegre\/wp-content\/uploads\/usu1936\/2025\/02\/IMG_20250209_231353-1165x1536.jpg 1165w, https:\/\/agora.xtec.cat\/ceipvistaalegre\/wp-content\/uploads\/usu1936\/2025\/02\/IMG_20250209_231353-1553x2048.jpg 1553w, https:\/\/agora.xtec.cat\/ceipvistaalegre\/wp-content\/uploads\/usu1936\/2025\/02\/IMG_20250209_231353-scaled.jpg 1941w\" sizes=\"auto, (max-width: 777px) 100vw, 777px\" \/><\/a><\/p>\n<p>&nbsp;<\/p>\n<p>&nbsp;<\/p>\n","protected":false},"excerpt":{"rendered":"<p>Els i les Momerotes han collit els br\u00f2quils que havien plantat al mes d&#8217;octubre. Han sigut una mica dormilegues, per\u00f2 al final han crescut i segur que han pogut preparar\u00a0 a casa una bona crema de br\u00f2quil per sopar.<br \/>\n<a href=\"https:\/\/agora.xtec.cat\/ceipvistaalegre\/wp-content\/uploads\/usu1936\/2025\/02\/IMG_20250209_231353-scaled.jpg\"><\/a><br \/>\n&nbsp;<br \/>\n&nbsp;<\/p>\n","protected":false},"author":15,"featured_media":0,"comment_status":"open","ping_status":"closed","sticky":false,"template":"","format":"standard","meta":{"_bbp_topic_count":0,"_bbp_reply_count":0,"_bbp_total_topic_count":0,"_bbp_total_reply_count":0,"_bbp_voice_count":0,"_bbp_anonymous_reply_count":0,"_bbp_topic_count_hidden":0,"_bbp_reply_count_hidden":0,"_bbp_forum_subforum_count":0,"footnotes":""},"categories":[12,1,220],"tags":[],"class_list":["post-11149","post","type-post","status-publish","format-standard","hentry","category-la-classe-dels-pirates","category-general","category-hort"],"post_mailing_queue_ids":[],"_links":{"self":[{"href":"https:\/\/agora.xtec.cat\/ceipvistaalegre\/wp-json\/wp\/v2\/posts\/11149","targetHints":{"allow":["GET"]}}],"collection":[{"href":"https:\/\/agora.xtec.cat\/ceipvistaalegre\/wp-json\/wp\/v2\/posts"}],"about":[{"href":"https:\/\/agora.xtec.cat\/ceipvistaalegre\/wp-json\/wp\/v2\/types\/post"}],"author":[{"embeddable":true,"href":"https:\/\/agora.xtec.cat\/ceipvistaalegre\/wp-json\/wp\/v2\/users\/15"}],"replies":[{"embeddable":true,"href":"https:\/\/agora.xtec.cat\/ceipvistaalegre\/wp-json\/wp\/v2\/comments?post=11149"}],"version-history":[{"count":3,"href":"https:\/\/agora.xtec.cat\/ceipvistaalegre\/wp-json\/wp\/v2\/posts\/11149\/revisions"}],"predecessor-version":[{"id":11200,"href":"https:\/\/agora.xtec.cat\/ceipvistaalegre\/wp-json\/wp\/v2\/posts\/11149\/revisions\/11200"}],"wp:attachment":[{"href":"https:\/\/agora.xtec.cat\/ceipvistaalegre\/wp-json\/wp\/v2\/media?parent=11149"}],"wp:term":[{"taxonomy":"category","embeddable":true,"href":"https:\/\/agora.xtec.cat\/ceipvistaalegre\/wp-json\/wp\/v2\/categories?post=11149"},{"taxonomy":"post_tag","embeddable":true,"href":"https:\/\/agora.xtec.cat\/ceipvistaalegre\/wp-json\/wp\/v2\/tags?post=11149"}],"curies":[{"name":"wp","href":"https:\/\/api.w.org\/{rel}","templated":true}]}}