{"id":11125,"date":"2025-02-06T18:01:39","date_gmt":"2025-02-06T17:01:39","guid":{"rendered":"https:\/\/agora.xtec.cat\/ceipvistaalegre\/?p=11125"},"modified":"2025-02-06T18:02:12","modified_gmt":"2025-02-06T17:02:12","slug":"el-podcast-alegre-gener","status":"publish","type":"post","link":"https:\/\/agora.xtec.cat\/ceipvistaalegre\/portada\/el-podcast-alegre-gener\/","title":{"rendered":"El P\u00f2dcast + alegre &#8211; GENER"},"content":{"rendered":"<p>Fam\u00edlies, us presentem una nova entrega de el mes de gener de &#8220;EL P\u00d2DCAST + ALEGRE&#8221;<\/p>\n<p>Com ja sa<span style=\"font-family: inherit; font-size: 1em;\">beu, els nens i nenes de 6\u00e8 estan portant a terme un projecte d\u2019expressi\u00f3 oral en el que cada mes fan una entrega d\u2019un p\u00f2dcast amb diferents seccions: not\u00edcies d&#8217;escola, aniversaris, esports&#8230;\u00a0<\/span><\/p>\n<p>Si el voleu escoltar, cliqueu l\u2019enlla\u00e7. Esperem que us agradi!<\/p>\n<p><a href=\"https:\/\/agora.xtec.cat\/ceipvistaalegre\/wp-content\/uploads\/usu1936\/2024\/06\/IMG-20240618-WA0031-1.jpg\"><img loading=\"lazy\" decoding=\"async\" class=\" wp-image-10155 aligncenter\" src=\"https:\/\/agora.xtec.cat\/ceipvistaalegre\/wp-content\/uploads\/usu1936\/2024\/06\/IMG-20240618-WA0031-1.jpg\" alt=\"\" width=\"278\" height=\"317\" srcset=\"https:\/\/agora.xtec.cat\/ceipvistaalegre\/wp-content\/uploads\/usu1936\/2024\/06\/IMG-20240618-WA0031-1.jpg 767w, https:\/\/agora.xtec.cat\/ceipvistaalegre\/wp-content\/uploads\/usu1936\/2024\/06\/IMG-20240618-WA0031-1-263x300.jpg 263w\" sizes=\"auto, (max-width: 278px) 100vw, 278px\" \/><\/a><\/p>\n<p style=\"text-align: center;\"><a href=\"https:\/\/drive.google.com\/file\/d\/149Z8Om8tSgB-sZR5KVIpKVNERH8XXqej\/view?usp=sharing\">P\u00d2DCAST GENER<\/a><\/p>\n","protected":false},"excerpt":{"rendered":"<p>Fam\u00edlies, us presentem una nova entrega de el mes de gener de &#8220;EL P\u00d2DCAST + ALEGRE&#8221;<br \/>\nCom ja sabeu, els nens i nenes de 6\u00e8 estan portant a terme un projecte d\u2019expressi\u00f3 oral en el que cada mes fan una entrega d\u2019un p\u00f2dcast amb diferents seccions:&hellip;  <a href=\"https:\/\/agora.xtec.cat\/ceipvistaalegre\/portada\/el-podcast-alegre-gener\/\" title=\"Read El P\u00f2dcast + alegre &#8211; GENER\">Llegeix m\u00e9s\u00bb<\/a><\/p>\n","protected":false},"author":3,"featured_media":0,"comment_status":"open","ping_status":"closed","sticky":false,"template":"","format":"standard","meta":{"_bbp_topic_count":0,"_bbp_reply_count":0,"_bbp_total_topic_count":0,"_bbp_total_reply_count":0,"_bbp_voice_count":0,"_bbp_anonymous_reply_count":0,"_bbp_topic_count_hidden":0,"_bbp_reply_count_hidden":0,"_bbp_forum_subforum_count":0,"footnotes":""},"categories":[15,4],"tags":[],"class_list":["post-11125","post","type-post","status-publish","format-standard","hentry","category-6e","category-portada"],"post_mailing_queue_ids":[],"_links":{"self":[{"href":"https:\/\/agora.xtec.cat\/ceipvistaalegre\/wp-json\/wp\/v2\/posts\/11125","targetHints":{"allow":["GET"]}}],"collection":[{"href":"https:\/\/agora.xtec.cat\/ceipvistaalegre\/wp-json\/wp\/v2\/posts"}],"about":[{"href":"https:\/\/agora.xtec.cat\/ceipvistaalegre\/wp-json\/wp\/v2\/types\/post"}],"author":[{"embeddable":true,"href":"https:\/\/agora.xtec.cat\/ceipvistaalegre\/wp-json\/wp\/v2\/users\/3"}],"replies":[{"embeddable":true,"href":"https:\/\/agora.xtec.cat\/ceipvistaalegre\/wp-json\/wp\/v2\/comments?post=11125"}],"version-history":[{"count":1,"href":"https:\/\/agora.xtec.cat\/ceipvistaalegre\/wp-json\/wp\/v2\/posts\/11125\/revisions"}],"predecessor-version":[{"id":11126,"href":"https:\/\/agora.xtec.cat\/ceipvistaalegre\/wp-json\/wp\/v2\/posts\/11125\/revisions\/11126"}],"wp:attachment":[{"href":"https:\/\/agora.xtec.cat\/ceipvistaalegre\/wp-json\/wp\/v2\/media?parent=11125"}],"wp:term":[{"taxonomy":"category","embeddable":true,"href":"https:\/\/agora.xtec.cat\/ceipvistaalegre\/wp-json\/wp\/v2\/categories?post=11125"},{"taxonomy":"post_tag","embeddable":true,"href":"https:\/\/agora.xtec.cat\/ceipvistaalegre\/wp-json\/wp\/v2\/tags?post=11125"}],"curies":[{"name":"wp","href":"https:\/\/api.w.org\/{rel}","templated":true}]}}