{"id":11099,"date":"2025-01-30T20:04:28","date_gmt":"2025-01-30T19:04:28","guid":{"rendered":"https:\/\/agora.xtec.cat\/ceipvistaalegre\/?p=11099"},"modified":"2025-01-30T20:04:28","modified_gmt":"2025-01-30T19:04:28","slug":"denip-2025","status":"publish","type":"post","link":"https:\/\/agora.xtec.cat\/ceipvistaalegre\/primaria\/5e\/denip-2025\/","title":{"rendered":"DENIP 2025"},"content":{"rendered":"<p style=\"text-align: justify;\">Amb motiu del Dia Escolar de la No Viol\u00e8ncia i la Pau, l&#8217;alumnat de 5\u00e8 ha estat l&#8217;encarregat de l&#8217;acte.<\/p>\n<p>A trav\u00e9s de l&#8217;explicaci\u00f3 i representaci\u00f3 del conte &#8220;El jard\u00ed de la Pau&#8221;, els nens i nenes han pogut transmetre conjuntament a la resta de l&#8217;escola, com \u00e9s d&#8217;important comptar amb els amics i les amigues, i de que \u00e9s millor estar units per poder superar les adversitats.<\/p>\n<p><a href=\"https:\/\/agora.xtec.cat\/ceipvistaalegre\/wp-content\/uploads\/usu1936\/2025\/01\/1000012034-scaled.jpg\"><img loading=\"lazy\" decoding=\"async\" class=\"size-large wp-image-11100 aligncenter\" src=\"https:\/\/agora.xtec.cat\/ceipvistaalegre\/wp-content\/uploads\/usu1936\/2025\/01\/1000012034-771x1024.jpg\" alt=\"\" width=\"771\" height=\"1024\" srcset=\"https:\/\/agora.xtec.cat\/ceipvistaalegre\/wp-content\/uploads\/usu1936\/2025\/01\/1000012034-771x1024.jpg 771w, https:\/\/agora.xtec.cat\/ceipvistaalegre\/wp-content\/uploads\/usu1936\/2025\/01\/1000012034-226x300.jpg 226w, https:\/\/agora.xtec.cat\/ceipvistaalegre\/wp-content\/uploads\/usu1936\/2025\/01\/1000012034-768x1020.jpg 768w, https:\/\/agora.xtec.cat\/ceipvistaalegre\/wp-content\/uploads\/usu1936\/2025\/01\/1000012034-1157x1536.jpg 1157w, https:\/\/agora.xtec.cat\/ceipvistaalegre\/wp-content\/uploads\/usu1936\/2025\/01\/1000012034-1542x2048.jpg 1542w, https:\/\/agora.xtec.cat\/ceipvistaalegre\/wp-content\/uploads\/usu1936\/2025\/01\/1000012034-scaled.jpg 1928w\" sizes=\"auto, (max-width: 771px) 100vw, 771px\" \/><\/a><\/p>\n<p>Esperem que aquest jard\u00ed que avui han plantat, pugui continuar creixent.<\/p>\n","protected":false},"excerpt":{"rendered":"<p>Amb motiu del Dia Escolar de la No Viol\u00e8ncia i la Pau, l&#8217;alumnat de 5\u00e8 ha estat l&#8217;encarregat de l&#8217;acte.<br \/>\nA trav\u00e9s de l&#8217;explicaci\u00f3 i representaci\u00f3 del conte &#8220;El jard\u00ed de la Pau&#8221;, els nens i nenes han pogut transmetre conjuntament a la resta de l&#8217;escola,&hellip;  <a href=\"https:\/\/agora.xtec.cat\/ceipvistaalegre\/primaria\/5e\/denip-2025\/\" title=\"Read DENIP 2025\">Llegeix m\u00e9s\u00bb<\/a><\/p>\n","protected":false},"author":3,"featured_media":0,"comment_status":"open","ping_status":"closed","sticky":false,"template":"","format":"standard","meta":{"_bbp_topic_count":0,"_bbp_reply_count":0,"_bbp_total_topic_count":0,"_bbp_total_reply_count":0,"_bbp_voice_count":0,"_bbp_anonymous_reply_count":0,"_bbp_topic_count_hidden":0,"_bbp_reply_count_hidden":0,"_bbp_forum_subforum_count":0,"footnotes":""},"categories":[14],"tags":[],"class_list":["post-11099","post","type-post","status-publish","format-standard","hentry","category-5e"],"post_mailing_queue_ids":[],"_links":{"self":[{"href":"https:\/\/agora.xtec.cat\/ceipvistaalegre\/wp-json\/wp\/v2\/posts\/11099","targetHints":{"allow":["GET"]}}],"collection":[{"href":"https:\/\/agora.xtec.cat\/ceipvistaalegre\/wp-json\/wp\/v2\/posts"}],"about":[{"href":"https:\/\/agora.xtec.cat\/ceipvistaalegre\/wp-json\/wp\/v2\/types\/post"}],"author":[{"embeddable":true,"href":"https:\/\/agora.xtec.cat\/ceipvistaalegre\/wp-json\/wp\/v2\/users\/3"}],"replies":[{"embeddable":true,"href":"https:\/\/agora.xtec.cat\/ceipvistaalegre\/wp-json\/wp\/v2\/comments?post=11099"}],"version-history":[{"count":1,"href":"https:\/\/agora.xtec.cat\/ceipvistaalegre\/wp-json\/wp\/v2\/posts\/11099\/revisions"}],"predecessor-version":[{"id":11101,"href":"https:\/\/agora.xtec.cat\/ceipvistaalegre\/wp-json\/wp\/v2\/posts\/11099\/revisions\/11101"}],"wp:attachment":[{"href":"https:\/\/agora.xtec.cat\/ceipvistaalegre\/wp-json\/wp\/v2\/media?parent=11099"}],"wp:term":[{"taxonomy":"category","embeddable":true,"href":"https:\/\/agora.xtec.cat\/ceipvistaalegre\/wp-json\/wp\/v2\/categories?post=11099"},{"taxonomy":"post_tag","embeddable":true,"href":"https:\/\/agora.xtec.cat\/ceipvistaalegre\/wp-json\/wp\/v2\/tags?post=11099"}],"curies":[{"name":"wp","href":"https:\/\/api.w.org\/{rel}","templated":true}]}}