{"id":11020,"date":"2025-01-27T21:35:34","date_gmt":"2025-01-27T20:35:34","guid":{"rendered":"https:\/\/agora.xtec.cat\/ceipvistaalegre\/?p=11020"},"modified":"2025-01-27T21:35:34","modified_gmt":"2025-01-27T20:35:34","slug":"sortida-al-museu-de-la-ciencia","status":"publish","type":"post","link":"https:\/\/agora.xtec.cat\/ceipvistaalegre\/infantil\/sortida-al-museu-de-la-ciencia\/","title":{"rendered":"Sortida al Museu de la Ci\u00e8ncia."},"content":{"rendered":"<p><a href=\"https:\/\/agora.xtec.cat\/ceipvistaalegre\/infantil\/sortida-al-museu-de-la-ciencia\/attachment\/photo-output-3-1-4\/\" rel=\"attachment wp-att-11045\"><img loading=\"lazy\" decoding=\"async\" class=\"aligncenter size-full wp-image-11045\" src=\"https:\/\/agora.xtec.cat\/ceipvistaalegre\/wp-content\/uploads\/usu1936\/2025\/01\/photo-output-3-1-scaled.jpg\" alt=\"\" width=\"2560\" height=\"2560\" srcset=\"https:\/\/agora.xtec.cat\/ceipvistaalegre\/wp-content\/uploads\/usu1936\/2025\/01\/photo-output-3-1-scaled.jpg 2560w, https:\/\/agora.xtec.cat\/ceipvistaalegre\/wp-content\/uploads\/usu1936\/2025\/01\/photo-output-3-1-300x300.jpg 300w, https:\/\/agora.xtec.cat\/ceipvistaalegre\/wp-content\/uploads\/usu1936\/2025\/01\/photo-output-3-1-1024x1024.jpg 1024w, https:\/\/agora.xtec.cat\/ceipvistaalegre\/wp-content\/uploads\/usu1936\/2025\/01\/photo-output-3-1-150x150.jpg 150w, https:\/\/agora.xtec.cat\/ceipvistaalegre\/wp-content\/uploads\/usu1936\/2025\/01\/photo-output-3-1-768x768.jpg 768w, https:\/\/agora.xtec.cat\/ceipvistaalegre\/wp-content\/uploads\/usu1936\/2025\/01\/photo-output-3-1-1536x1536.jpg 1536w, https:\/\/agora.xtec.cat\/ceipvistaalegre\/wp-content\/uploads\/usu1936\/2025\/01\/photo-output-3-1-2048x2048.jpg 2048w\" sizes=\"auto, (max-width: 2560px) 100vw, 2560px\" \/><\/a><\/p>\n<p>Els nens i les nenes d&#8217;Educaci\u00f3 Infantil hem anat al Museu de la Ci\u00e8ncia CosmoCaixa de Barcelona. Ha estat un dia ple de descobertes de tot all\u00f2 que ens amaga el m\u00f3n que ens envolta.<\/p>\n<p>I3- I4-I5 hem gaudit molt del nou espai<strong> &#8220;<em>Clik&#8221;, <\/em><\/strong>es tracta d&#8217;una experi\u00e8ncia educativa\u00a0 que ens inspira a explorar, experimentar i descobrir.<\/p>\n<p>La classe dels <em>Dragalions<\/em> i la fam\u00edlia <em>Robafaves<\/em> tamb\u00e9 ens hem endisat a la descoberta dels planetes i les estrelles a trav\u00e9s del<strong> &#8220;<em>Planetari Bombolla&#8221;<\/em><\/strong>.<\/p>\n<p>La classe de la <em>Momeroteta<\/em> hem fet un taller per saber <strong><em>&#8220;Com mengen els animals&#8221;<\/em><\/strong> que viuen al bosc inundat i com es conserva aquest ecosistema.<\/p>\n<p>Finalment hem visitat les diferents sales del museu.<\/p>\n<p>&nbsp;<\/p>\n<p>&nbsp;<\/p>\n","protected":false},"excerpt":{"rendered":"<p><a href=\"https:\/\/agora.xtec.cat\/ceipvistaalegre\/infantil\/sortida-al-museu-de-la-ciencia\/attachment\/photo-output-3-1-4\/\" rel=\"attachment wp-att-11045\"><\/a><br \/>\nEls nens i les nenes d&#8217;Educaci\u00f3 Infantil hem anat al Museu de la Ci\u00e8ncia CosmoCaixa de Barcelona. Ha estat un dia ple de descobertes de tot all\u00f2 que ens amaga el m\u00f3n que ens envolta.<br \/>\nI3- I4-I5 hem gaudit molt del nou espai&hellip;  <a href=\"https:\/\/agora.xtec.cat\/ceipvistaalegre\/infantil\/sortida-al-museu-de-la-ciencia\/\" title=\"Read Sortida al Museu de la Ci\u00e8ncia.\">Llegeix m\u00e9s\u00bb<\/a><\/p>\n","protected":false},"author":4,"featured_media":0,"comment_status":"open","ping_status":"closed","sticky":false,"template":"","format":"standard","meta":{"_bbp_topic_count":0,"_bbp_reply_count":0,"_bbp_total_topic_count":0,"_bbp_total_reply_count":0,"_bbp_voice_count":0,"_bbp_anonymous_reply_count":0,"_bbp_topic_count_hidden":0,"_bbp_reply_count_hidden":0,"_bbp_forum_subforum_count":0,"footnotes":""},"categories":[3,8,225,2],"tags":[120,318,16],"class_list":["post-11020","post","type-post","status-publish","format-standard","hentry","category-infantil-3-anys","category-infantil-4-anys","category-infantil-5-anys","category-infantil","tag-ciencies-3-6","tag-descoberta-de-lentorn","tag-sortides"],"post_mailing_queue_ids":[],"_links":{"self":[{"href":"https:\/\/agora.xtec.cat\/ceipvistaalegre\/wp-json\/wp\/v2\/posts\/11020","targetHints":{"allow":["GET"]}}],"collection":[{"href":"https:\/\/agora.xtec.cat\/ceipvistaalegre\/wp-json\/wp\/v2\/posts"}],"about":[{"href":"https:\/\/agora.xtec.cat\/ceipvistaalegre\/wp-json\/wp\/v2\/types\/post"}],"author":[{"embeddable":true,"href":"https:\/\/agora.xtec.cat\/ceipvistaalegre\/wp-json\/wp\/v2\/users\/4"}],"replies":[{"embeddable":true,"href":"https:\/\/agora.xtec.cat\/ceipvistaalegre\/wp-json\/wp\/v2\/comments?post=11020"}],"version-history":[{"count":6,"href":"https:\/\/agora.xtec.cat\/ceipvistaalegre\/wp-json\/wp\/v2\/posts\/11020\/revisions"}],"predecessor-version":[{"id":11048,"href":"https:\/\/agora.xtec.cat\/ceipvistaalegre\/wp-json\/wp\/v2\/posts\/11020\/revisions\/11048"}],"wp:attachment":[{"href":"https:\/\/agora.xtec.cat\/ceipvistaalegre\/wp-json\/wp\/v2\/media?parent=11020"}],"wp:term":[{"taxonomy":"category","embeddable":true,"href":"https:\/\/agora.xtec.cat\/ceipvistaalegre\/wp-json\/wp\/v2\/categories?post=11020"},{"taxonomy":"post_tag","embeddable":true,"href":"https:\/\/agora.xtec.cat\/ceipvistaalegre\/wp-json\/wp\/v2\/tags?post=11020"}],"curies":[{"name":"wp","href":"https:\/\/api.w.org\/{rel}","templated":true}]}}