{"id":10995,"date":"2025-01-24T18:25:30","date_gmt":"2025-01-24T17:25:30","guid":{"rendered":"https:\/\/agora.xtec.cat\/ceipvistaalegre\/?p=10995"},"modified":"2025-01-24T18:25:30","modified_gmt":"2025-01-24T17:25:30","slug":"racons-de-matematiques-2","status":"publish","type":"post","link":"https:\/\/agora.xtec.cat\/ceipvistaalegre\/primaria\/5e\/racons-de-matematiques-2\/","title":{"rendered":"Racons de Matem\u00e0tiques"},"content":{"rendered":"<p>Els nens i nenes de cinqu\u00e8 fan racons matem\u00e0tics manipulatius, s\u00f3n una eina pedag\u00f2gica excel\u00b7lent per fomentar l&#8217;aprenentatge actiu i significatiu de les matem\u00e0tiques.<\/p>\n<p>Aquests racons permeten als alumnes experimentar amb conceptes m\u00e9s abstractes d&#8217;una manera pr\u00e0ctica i interactiva, adaptant-se al seu nivell maduratiu.<\/p>\n<p>Cada setmana, els alumnes fan diferents racons treballant en grups redu\u00efts, ajudant a desenvolupar la seva creativitat, autonomia i capacitat de raonament l\u00f2gic.<\/p>\n<p><img loading=\"lazy\" decoding=\"async\" class=\"alignnone  wp-image-10997\" src=\"https:\/\/agora.xtec.cat\/ceipvistaalegre\/wp-content\/uploads\/usu1936\/2025\/01\/WhatsApp-Image-2025-01-24-at-18.00.49-1024x768.jpeg\" alt=\"\" width=\"358\" height=\"268\" srcset=\"https:\/\/agora.xtec.cat\/ceipvistaalegre\/wp-content\/uploads\/usu1936\/2025\/01\/WhatsApp-Image-2025-01-24-at-18.00.49-1024x768.jpeg 1024w, https:\/\/agora.xtec.cat\/ceipvistaalegre\/wp-content\/uploads\/usu1936\/2025\/01\/WhatsApp-Image-2025-01-24-at-18.00.49-300x225.jpeg 300w, https:\/\/agora.xtec.cat\/ceipvistaalegre\/wp-content\/uploads\/usu1936\/2025\/01\/WhatsApp-Image-2025-01-24-at-18.00.49-768x576.jpeg 768w, https:\/\/agora.xtec.cat\/ceipvistaalegre\/wp-content\/uploads\/usu1936\/2025\/01\/WhatsApp-Image-2025-01-24-at-18.00.49-1536x1152.jpeg 1536w, https:\/\/agora.xtec.cat\/ceipvistaalegre\/wp-content\/uploads\/usu1936\/2025\/01\/WhatsApp-Image-2025-01-24-at-18.00.49-200x150.jpeg 200w, https:\/\/agora.xtec.cat\/ceipvistaalegre\/wp-content\/uploads\/usu1936\/2025\/01\/WhatsApp-Image-2025-01-24-at-18.00.49.jpeg 2048w\" sizes=\"auto, (max-width: 358px) 100vw, 358px\" \/><\/p>\n<p><img loading=\"lazy\" decoding=\"async\" class=\"alignnone  wp-image-10998\" src=\"https:\/\/agora.xtec.cat\/ceipvistaalegre\/wp-content\/uploads\/usu1936\/2025\/01\/WhatsApp-Image-2025-01-24-at-18.14.31-1024x768.jpeg\" alt=\"\" width=\"352\" height=\"264\" srcset=\"https:\/\/agora.xtec.cat\/ceipvistaalegre\/wp-content\/uploads\/usu1936\/2025\/01\/WhatsApp-Image-2025-01-24-at-18.14.31-1024x768.jpeg 1024w, https:\/\/agora.xtec.cat\/ceipvistaalegre\/wp-content\/uploads\/usu1936\/2025\/01\/WhatsApp-Image-2025-01-24-at-18.14.31-300x225.jpeg 300w, https:\/\/agora.xtec.cat\/ceipvistaalegre\/wp-content\/uploads\/usu1936\/2025\/01\/WhatsApp-Image-2025-01-24-at-18.14.31-768x576.jpeg 768w, https:\/\/agora.xtec.cat\/ceipvistaalegre\/wp-content\/uploads\/usu1936\/2025\/01\/WhatsApp-Image-2025-01-24-at-18.14.31-1536x1152.jpeg 1536w, https:\/\/agora.xtec.cat\/ceipvistaalegre\/wp-content\/uploads\/usu1936\/2025\/01\/WhatsApp-Image-2025-01-24-at-18.14.31-200x150.jpeg 200w, https:\/\/agora.xtec.cat\/ceipvistaalegre\/wp-content\/uploads\/usu1936\/2025\/01\/WhatsApp-Image-2025-01-24-at-18.14.31.jpeg 2048w\" sizes=\"auto, (max-width: 352px) 100vw, 352px\" \/><\/p>\n","protected":false},"excerpt":{"rendered":"<p>Els nens i nenes de cinqu\u00e8 fan racons matem\u00e0tics manipulatius, s\u00f3n una eina pedag\u00f2gica excel\u00b7lent per fomentar l&#8217;aprenentatge actiu i significatiu de les matem\u00e0tiques.<br \/>\nAquests racons permeten als alumnes experimentar amb conceptes m\u00e9s abstractes d&#8217;una manera pr\u00e0ctica i interactiva, adaptant-se al seu nivell maduratiu.<br \/>\nCada setmana, els&hellip;  <a href=\"https:\/\/agora.xtec.cat\/ceipvistaalegre\/primaria\/5e\/racons-de-matematiques-2\/\" title=\"Read Racons de Matem\u00e0tiques\">Llegeix m\u00e9s\u00bb<\/a><\/p>\n","protected":false},"author":18,"featured_media":0,"comment_status":"open","ping_status":"closed","sticky":false,"template":"","format":"standard","meta":{"_bbp_topic_count":0,"_bbp_reply_count":0,"_bbp_total_topic_count":0,"_bbp_total_reply_count":0,"_bbp_voice_count":0,"_bbp_anonymous_reply_count":0,"_bbp_topic_count_hidden":0,"_bbp_reply_count_hidden":0,"_bbp_forum_subforum_count":0,"footnotes":""},"categories":[14],"tags":[],"class_list":["post-10995","post","type-post","status-publish","format-standard","hentry","category-5e"],"post_mailing_queue_ids":[],"_links":{"self":[{"href":"https:\/\/agora.xtec.cat\/ceipvistaalegre\/wp-json\/wp\/v2\/posts\/10995","targetHints":{"allow":["GET"]}}],"collection":[{"href":"https:\/\/agora.xtec.cat\/ceipvistaalegre\/wp-json\/wp\/v2\/posts"}],"about":[{"href":"https:\/\/agora.xtec.cat\/ceipvistaalegre\/wp-json\/wp\/v2\/types\/post"}],"author":[{"embeddable":true,"href":"https:\/\/agora.xtec.cat\/ceipvistaalegre\/wp-json\/wp\/v2\/users\/18"}],"replies":[{"embeddable":true,"href":"https:\/\/agora.xtec.cat\/ceipvistaalegre\/wp-json\/wp\/v2\/comments?post=10995"}],"version-history":[{"count":1,"href":"https:\/\/agora.xtec.cat\/ceipvistaalegre\/wp-json\/wp\/v2\/posts\/10995\/revisions"}],"predecessor-version":[{"id":11004,"href":"https:\/\/agora.xtec.cat\/ceipvistaalegre\/wp-json\/wp\/v2\/posts\/10995\/revisions\/11004"}],"wp:attachment":[{"href":"https:\/\/agora.xtec.cat\/ceipvistaalegre\/wp-json\/wp\/v2\/media?parent=10995"}],"wp:term":[{"taxonomy":"category","embeddable":true,"href":"https:\/\/agora.xtec.cat\/ceipvistaalegre\/wp-json\/wp\/v2\/categories?post=10995"},{"taxonomy":"post_tag","embeddable":true,"href":"https:\/\/agora.xtec.cat\/ceipvistaalegre\/wp-json\/wp\/v2\/tags?post=10995"}],"curies":[{"name":"wp","href":"https:\/\/api.w.org\/{rel}","templated":true}]}}