{"id":10984,"date":"2025-01-24T06:22:26","date_gmt":"2025-01-24T05:22:26","guid":{"rendered":"https:\/\/agora.xtec.cat\/ceipvistaalegre\/?p=10984"},"modified":"2025-01-24T06:22:26","modified_gmt":"2025-01-24T05:22:26","slug":"entrevistem-a-larcadio","status":"publish","type":"post","link":"https:\/\/agora.xtec.cat\/ceipvistaalegre\/primaria\/6e\/entrevistem-a-larcadio\/","title":{"rendered":"Entrevistem a l&#8217;Arcadio"},"content":{"rendered":"<p>Cada mes, l&#8217;entrega de &#8220;El P\u00f2dcast + Alegre&#8221; t\u00e9 una secci\u00f3 diferent.<\/p>\n<p>Aquest mes, comptar\u00e0 amb l&#8217;entrevista que un grup de nens i nenes de 6\u00e8 li han fet a l&#8217;Arcadio, avi de la Laia.<\/p>\n<p>L&#8217;Arcadio ha contestat a les preguntes que havien preparat, relacionades amb la seva inf\u00e0ncia, la seva vida quan era petit i com creu que han canviat les coses.<\/p>\n<p>Ha estat un plaer escoltar-lo, perqu\u00e8 ha explicat moltes coses que no sab\u00edem!<\/p>\n<p><a href=\"https:\/\/agora.xtec.cat\/ceipvistaalegre\/wp-content\/uploads\/usu1936\/2025\/01\/1000010652-scaled.jpg\"><img loading=\"lazy\" decoding=\"async\" class=\"size-large wp-image-10985 aligncenter\" src=\"https:\/\/agora.xtec.cat\/ceipvistaalegre\/wp-content\/uploads\/usu1936\/2025\/01\/1000010652-1024x771.jpg\" alt=\"\" width=\"1024\" height=\"771\" srcset=\"https:\/\/agora.xtec.cat\/ceipvistaalegre\/wp-content\/uploads\/usu1936\/2025\/01\/1000010652-1024x771.jpg 1024w, https:\/\/agora.xtec.cat\/ceipvistaalegre\/wp-content\/uploads\/usu1936\/2025\/01\/1000010652-300x226.jpg 300w, https:\/\/agora.xtec.cat\/ceipvistaalegre\/wp-content\/uploads\/usu1936\/2025\/01\/1000010652-768x578.jpg 768w, https:\/\/agora.xtec.cat\/ceipvistaalegre\/wp-content\/uploads\/usu1936\/2025\/01\/1000010652-1536x1157.jpg 1536w, https:\/\/agora.xtec.cat\/ceipvistaalegre\/wp-content\/uploads\/usu1936\/2025\/01\/1000010652-2048x1542.jpg 2048w, https:\/\/agora.xtec.cat\/ceipvistaalegre\/wp-content\/uploads\/usu1936\/2025\/01\/1000010652-200x150.jpg 200w\" sizes=\"auto, (max-width: 1024px) 100vw, 1024px\" \/><\/a><!--more--><\/p>\n","protected":false},"excerpt":{"rendered":"<p>Cada mes, l&#8217;entrega de &#8220;El P\u00f2dcast + Alegre&#8221; t\u00e9 una secci\u00f3 diferent.<br \/>\nAquest mes, comptar\u00e0 amb l&#8217;entrevista que un grup de nens i nenes de 6\u00e8 li han fet a l&#8217;Arcadio, avi de la Laia.<br \/>\nL&#8217;Arcadio ha contestat a les preguntes que havien preparat, relacionades amb la&hellip;  <a href=\"https:\/\/agora.xtec.cat\/ceipvistaalegre\/primaria\/6e\/entrevistem-a-larcadio\/\" title=\"Read Entrevistem a l&#8217;Arcadio\">Llegeix m\u00e9s\u00bb<\/a><\/p>\n","protected":false},"author":3,"featured_media":0,"comment_status":"open","ping_status":"closed","sticky":false,"template":"","format":"standard","meta":{"_bbp_topic_count":0,"_bbp_reply_count":0,"_bbp_total_topic_count":0,"_bbp_total_reply_count":0,"_bbp_voice_count":0,"_bbp_anonymous_reply_count":0,"_bbp_topic_count_hidden":0,"_bbp_reply_count_hidden":0,"_bbp_forum_subforum_count":0,"footnotes":""},"categories":[15],"tags":[],"class_list":["post-10984","post","type-post","status-publish","format-standard","hentry","category-6e"],"post_mailing_queue_ids":[],"_links":{"self":[{"href":"https:\/\/agora.xtec.cat\/ceipvistaalegre\/wp-json\/wp\/v2\/posts\/10984","targetHints":{"allow":["GET"]}}],"collection":[{"href":"https:\/\/agora.xtec.cat\/ceipvistaalegre\/wp-json\/wp\/v2\/posts"}],"about":[{"href":"https:\/\/agora.xtec.cat\/ceipvistaalegre\/wp-json\/wp\/v2\/types\/post"}],"author":[{"embeddable":true,"href":"https:\/\/agora.xtec.cat\/ceipvistaalegre\/wp-json\/wp\/v2\/users\/3"}],"replies":[{"embeddable":true,"href":"https:\/\/agora.xtec.cat\/ceipvistaalegre\/wp-json\/wp\/v2\/comments?post=10984"}],"version-history":[{"count":1,"href":"https:\/\/agora.xtec.cat\/ceipvistaalegre\/wp-json\/wp\/v2\/posts\/10984\/revisions"}],"predecessor-version":[{"id":10986,"href":"https:\/\/agora.xtec.cat\/ceipvistaalegre\/wp-json\/wp\/v2\/posts\/10984\/revisions\/10986"}],"wp:attachment":[{"href":"https:\/\/agora.xtec.cat\/ceipvistaalegre\/wp-json\/wp\/v2\/media?parent=10984"}],"wp:term":[{"taxonomy":"category","embeddable":true,"href":"https:\/\/agora.xtec.cat\/ceipvistaalegre\/wp-json\/wp\/v2\/categories?post=10984"},{"taxonomy":"post_tag","embeddable":true,"href":"https:\/\/agora.xtec.cat\/ceipvistaalegre\/wp-json\/wp\/v2\/tags?post=10984"}],"curies":[{"name":"wp","href":"https:\/\/api.w.org\/{rel}","templated":true}]}}