{"id":10976,"date":"2025-01-22T23:46:54","date_gmt":"2025-01-22T22:46:54","guid":{"rendered":"https:\/\/agora.xtec.cat\/ceipvistaalegre\/?p=10976"},"modified":"2025-01-22T23:46:54","modified_gmt":"2025-01-22T22:46:54","slug":"sortida-fundacio-palau","status":"publish","type":"post","link":"https:\/\/agora.xtec.cat\/ceipvistaalegre\/primaria\/5e\/sortida-fundacio-palau\/","title":{"rendered":"Sortida Fundaci\u00f3 Palau"},"content":{"rendered":"<p>Avui els nens i nenes de cinqu\u00e8 i de sis\u00e8 hem anat a la Fundaci\u00f3 Palau, situada a Caldes d&#8217;Estrac. La Fundaci\u00f3 Palau centre d&#8217;art dedicada a preservar i difondre l&#8217;obra de l&#8217;artista catal\u00e0, ofereix una gran oportunitat per aprofundir en el coneixement de Picasso, la seva vida i la seva obra.<\/p>\n<p>La sortida a la Fundaci\u00f3 serveix com a font d&#8217;inspiraci\u00f3, ja que els alumnes poden observar obres originals, aprendre sobre el context hist\u00f2ric i cultural de Picasso, i reflexionar sobre el seu impacte en l&#8217;art modern.<\/p>\n<p>S&#8217;han dut a terme dues activitats, la primera una visita guiada pel museu i l&#8217;altra activitat la realitzaci\u00f3 d&#8217;un taller amb el nom &#8220;Reinventem objectes&#8221;, on els nens i nenes han convertit objectes dom\u00e8stics en figures animals modelant amb argila, tal com va fer Picasso els \u00faltims anys de la seva vida.<\/p>\n<p><img loading=\"lazy\" decoding=\"async\" class=\"alignnone  wp-image-10977\" src=\"https:\/\/agora.xtec.cat\/ceipvistaalegre\/wp-content\/uploads\/usu1936\/2025\/01\/WhatsApp-Image-2025-01-22-at-23.42.45-1024x768.jpeg\" alt=\"\" width=\"275\" height=\"206\" srcset=\"https:\/\/agora.xtec.cat\/ceipvistaalegre\/wp-content\/uploads\/usu1936\/2025\/01\/WhatsApp-Image-2025-01-22-at-23.42.45-1024x768.jpeg 1024w, https:\/\/agora.xtec.cat\/ceipvistaalegre\/wp-content\/uploads\/usu1936\/2025\/01\/WhatsApp-Image-2025-01-22-at-23.42.45-300x225.jpeg 300w, https:\/\/agora.xtec.cat\/ceipvistaalegre\/wp-content\/uploads\/usu1936\/2025\/01\/WhatsApp-Image-2025-01-22-at-23.42.45-768x576.jpeg 768w, https:\/\/agora.xtec.cat\/ceipvistaalegre\/wp-content\/uploads\/usu1936\/2025\/01\/WhatsApp-Image-2025-01-22-at-23.42.45-1536x1152.jpeg 1536w, https:\/\/agora.xtec.cat\/ceipvistaalegre\/wp-content\/uploads\/usu1936\/2025\/01\/WhatsApp-Image-2025-01-22-at-23.42.45-200x150.jpeg 200w, https:\/\/agora.xtec.cat\/ceipvistaalegre\/wp-content\/uploads\/usu1936\/2025\/01\/WhatsApp-Image-2025-01-22-at-23.42.45.jpeg 2048w\" sizes=\"auto, (max-width: 275px) 100vw, 275px\" \/> <img loading=\"lazy\" decoding=\"async\" class=\"alignnone  wp-image-10978\" src=\"https:\/\/agora.xtec.cat\/ceipvistaalegre\/wp-content\/uploads\/usu1936\/2025\/01\/WhatsApp-Image-2025-01-22-at-23.43.38-1024x768.jpeg\" alt=\"\" width=\"268\" height=\"201\" srcset=\"https:\/\/agora.xtec.cat\/ceipvistaalegre\/wp-content\/uploads\/usu1936\/2025\/01\/WhatsApp-Image-2025-01-22-at-23.43.38-1024x768.jpeg 1024w, https:\/\/agora.xtec.cat\/ceipvistaalegre\/wp-content\/uploads\/usu1936\/2025\/01\/WhatsApp-Image-2025-01-22-at-23.43.38-300x225.jpeg 300w, https:\/\/agora.xtec.cat\/ceipvistaalegre\/wp-content\/uploads\/usu1936\/2025\/01\/WhatsApp-Image-2025-01-22-at-23.43.38-768x576.jpeg 768w, https:\/\/agora.xtec.cat\/ceipvistaalegre\/wp-content\/uploads\/usu1936\/2025\/01\/WhatsApp-Image-2025-01-22-at-23.43.38-1536x1152.jpeg 1536w, https:\/\/agora.xtec.cat\/ceipvistaalegre\/wp-content\/uploads\/usu1936\/2025\/01\/WhatsApp-Image-2025-01-22-at-23.43.38-200x150.jpeg 200w, https:\/\/agora.xtec.cat\/ceipvistaalegre\/wp-content\/uploads\/usu1936\/2025\/01\/WhatsApp-Image-2025-01-22-at-23.43.38.jpeg 2048w\" sizes=\"auto, (max-width: 268px) 100vw, 268px\" \/><\/p>\n","protected":false},"excerpt":{"rendered":"<p>Avui els nens i nenes de cinqu\u00e8 i de sis\u00e8 hem anat a la Fundaci\u00f3 Palau, situada a Caldes d&#8217;Estrac. La Fundaci\u00f3 Palau centre d&#8217;art dedicada a preservar i difondre l&#8217;obra de l&#8217;artista catal\u00e0, ofereix una gran oportunitat per aprofundir en el coneixement de Picasso,&hellip;  <a href=\"https:\/\/agora.xtec.cat\/ceipvistaalegre\/primaria\/5e\/sortida-fundacio-palau\/\" title=\"Read Sortida Fundaci\u00f3 Palau\">Llegeix m\u00e9s\u00bb<\/a><\/p>\n","protected":false},"author":18,"featured_media":0,"comment_status":"open","ping_status":"closed","sticky":false,"template":"","format":"standard","meta":{"_bbp_topic_count":0,"_bbp_reply_count":0,"_bbp_total_topic_count":0,"_bbp_total_reply_count":0,"_bbp_voice_count":0,"_bbp_anonymous_reply_count":0,"_bbp_topic_count_hidden":0,"_bbp_reply_count_hidden":0,"_bbp_forum_subforum_count":0,"footnotes":""},"categories":[14],"tags":[],"class_list":["post-10976","post","type-post","status-publish","format-standard","hentry","category-5e"],"post_mailing_queue_ids":[],"_links":{"self":[{"href":"https:\/\/agora.xtec.cat\/ceipvistaalegre\/wp-json\/wp\/v2\/posts\/10976","targetHints":{"allow":["GET"]}}],"collection":[{"href":"https:\/\/agora.xtec.cat\/ceipvistaalegre\/wp-json\/wp\/v2\/posts"}],"about":[{"href":"https:\/\/agora.xtec.cat\/ceipvistaalegre\/wp-json\/wp\/v2\/types\/post"}],"author":[{"embeddable":true,"href":"https:\/\/agora.xtec.cat\/ceipvistaalegre\/wp-json\/wp\/v2\/users\/18"}],"replies":[{"embeddable":true,"href":"https:\/\/agora.xtec.cat\/ceipvistaalegre\/wp-json\/wp\/v2\/comments?post=10976"}],"version-history":[{"count":1,"href":"https:\/\/agora.xtec.cat\/ceipvistaalegre\/wp-json\/wp\/v2\/posts\/10976\/revisions"}],"predecessor-version":[{"id":10979,"href":"https:\/\/agora.xtec.cat\/ceipvistaalegre\/wp-json\/wp\/v2\/posts\/10976\/revisions\/10979"}],"wp:attachment":[{"href":"https:\/\/agora.xtec.cat\/ceipvistaalegre\/wp-json\/wp\/v2\/media?parent=10976"}],"wp:term":[{"taxonomy":"category","embeddable":true,"href":"https:\/\/agora.xtec.cat\/ceipvistaalegre\/wp-json\/wp\/v2\/categories?post=10976"},{"taxonomy":"post_tag","embeddable":true,"href":"https:\/\/agora.xtec.cat\/ceipvistaalegre\/wp-json\/wp\/v2\/tags?post=10976"}],"curies":[{"name":"wp","href":"https:\/\/api.w.org\/{rel}","templated":true}]}}