{"id":10965,"date":"2025-01-22T16:29:45","date_gmt":"2025-01-22T15:29:45","guid":{"rendered":"https:\/\/agora.xtec.cat\/ceipvistaalegre\/?p=10965"},"modified":"2025-01-31T13:40:41","modified_gmt":"2025-01-31T12:40:41","slug":"el-museu-de-les-matematiques","status":"publish","type":"post","link":"https:\/\/agora.xtec.cat\/ceipvistaalegre\/primaria\/4t\/el-museu-de-les-matematiques\/","title":{"rendered":"El museu de les Matem\u00e0tiques"},"content":{"rendered":"<p>Aquest divendres vam anar al museu de les matem\u00e0tiques. Va ser una sortida molt guai, de tot el dia. Ara explicar\u00e9 com hem anat i qu\u00e8 hem fet: primer vam anar amb autocar fins a les 11 am, m\u00e9s o menys, despr\u00e9s vam esmorzar a un parc a prop del museu on hi havia la casa que va viure la fam\u00edlia Mercader, m\u00e9s conegut com Museu de les Matem\u00e0tiques. Despr\u00e9s de jugar al parc, vam entrar al museu. La primera activitat que vam fer va ser el Pentamin\u00f3s en grups. Despr\u00e9s vam dinar a les 2h, vam jugar una mica i es vam tornar a anar en autocar. En general, l&#8217;excursi\u00f3 ha estat molt guai. (Text redactat per l&#8217;Ian)<\/p>\n<p>El divendres 10 de gener, vam anar d&#8217;excursi\u00f3 al museu de les matem\u00e0tiques, per\u00f2 primer vam anar a un parc molt xulo per\u00f2 com hi havia una altra escola vam anar a un parc d&#8217;exercicis que hi havia la costat. Al parc d&#8217;exercicis vam esmorzar i quan es van marxar de l&#8217;altre parc vam anar a jugar a uns matalassos que hi havien. All\u00e0 \u00e9rem dos versus dos, la Weam i la Lucia guanyaven totes les partides. A les 11:30 vam entrar al museu, la noia que ens va atendre era l&#8217;Olaia. Vam entrar a una saleta i vam deixar les motxilles en unes cadires grans. Vam seure en taules de 4, 5 i 6 cadires. La Weam va seure amb la Lucia, l&#8217;Alan amb l&#8217;\u00c0lex C. i amb el Gabriel. Ens van explicar que all\u00e0 antigament hi vivia una fam\u00edlia. Ens van explicar qu\u00e8 era un Polimin\u00f3 i vam jugar amb figures, despr\u00e9s vam esperar a fora un quart d&#8217;hora i despr\u00e9s vam anar a una altra saleta de jocs matem\u00e0tics. Va ser molt divertit estar al museu de les matem\u00e0tiques!! (Text redactat per la Weam)<\/p>\n<p>Hem anat al museu de les matem\u00e0tiques i hem jugat als Polimin\u00f3s que \u00e9s de fer formes amb peces com: un peix, un ping\u00fc\u00ed, un camell, un elefant i en ren. Despr\u00e9s vam anar a una altra sala on hi havia: un mirall per fer el teu nom amb simetria per\u00f2 no ho vaig aconseguir perqu\u00e8 em faltaven lletres, un joc de peixos, un joc d&#8217;un vas i una cullera per fer combinacions, uns gratacels que els havies de posar segons els n\u00fameros, hi havia del m\u00e9s f\u00e0cil al m\u00e9s dif\u00edcil, o sigui, un sudoku d&#8217;edificis i peces que havies de construir el cub de Rubrik. (Text redactat per la Martina)<\/p>\n<p>Les classes de 3r i 4t vam anar d&#8217;excursi\u00f3 al museu de les Matem\u00e0tiques. Tamb\u00e9 vam anar a un parc molt xulo. Despr\u00e9s d&#8217;esmorzar i jugar al parc, vam entrar al museu. Vam estar a la planta baixa a la zona d&#8217;activitats fent jocs. La primera activitat matem\u00e0tica va ser el polimin\u00f3s. Vam aprendre a interactuar amb els blocs. Quan vam acabar, vam sortir uns quinze minuts i vam tornar a fer moltes m\u00e9s activitats. La meva preferida va ser la de construir formes geom\u00e8triques amb uns blocs de pl\u00e0stic. (Text redactat per l&#8217;Hugo)<\/p>\n<p>Primer vam anar al parc per menjar l&#8217;esmorzar. Vam jugar a moltes coses: com un joc que hi havia que tractava de destrossar saltant l&#8217;oponent sobre una cinta, tamb\u00e9 hi havia com una mena de corba o mitja lluna per recollir sorra i tiraven una cadena i pujava la sorra. Despr\u00e9s vam anar al museu de les mates. Ens van explicar mooooolt\u00edssimes coses! N&#8217;hi havia unes cares i amb un mirall havies de completar-les i una altra que havies de posar el teu nom i moltes coses m\u00e9s. Despr\u00e9s vam dinar i vam tornar al museu i vam aprendre els polimin\u00f3s i ens vam tornar a l&#8217;escola. (Text redactat per l&#8217;Enzo)<\/p>\n<p><a href=\"https:\/\/agora.xtec.cat\/ceipvistaalegre\/wp-content\/uploads\/usu1936\/2025\/01\/Screenshot_20250122_154638_Gallery.jpg\"><img loading=\"lazy\" decoding=\"async\" class=\"alignleft wp-image-10966\" src=\"https:\/\/agora.xtec.cat\/ceipvistaalegre\/wp-content\/uploads\/usu1936\/2025\/01\/Screenshot_20250122_154638_Gallery-300x227.jpg\" alt=\"\" width=\"238\" height=\"180\" srcset=\"https:\/\/agora.xtec.cat\/ceipvistaalegre\/wp-content\/uploads\/usu1936\/2025\/01\/Screenshot_20250122_154638_Gallery-300x227.jpg 300w, https:\/\/agora.xtec.cat\/ceipvistaalegre\/wp-content\/uploads\/usu1936\/2025\/01\/Screenshot_20250122_154638_Gallery-1024x775.jpg 1024w, https:\/\/agora.xtec.cat\/ceipvistaalegre\/wp-content\/uploads\/usu1936\/2025\/01\/Screenshot_20250122_154638_Gallery-768x581.jpg 768w, https:\/\/agora.xtec.cat\/ceipvistaalegre\/wp-content\/uploads\/usu1936\/2025\/01\/Screenshot_20250122_154638_Gallery-200x150.jpg 200w, https:\/\/agora.xtec.cat\/ceipvistaalegre\/wp-content\/uploads\/usu1936\/2025\/01\/Screenshot_20250122_154638_Gallery.jpg 1080w\" sizes=\"auto, (max-width: 238px) 100vw, 238px\" \/><\/a> <a href=\"https:\/\/agora.xtec.cat\/ceipvistaalegre\/wp-content\/uploads\/usu1936\/2025\/01\/Screenshot_20250122_154647_Gallery.jpg\"><img loading=\"lazy\" decoding=\"async\" class=\"alignleft wp-image-10967\" src=\"https:\/\/agora.xtec.cat\/ceipvistaalegre\/wp-content\/uploads\/usu1936\/2025\/01\/Screenshot_20250122_154647_Gallery-300x223.jpg\" alt=\"\" width=\"238\" height=\"177\" srcset=\"https:\/\/agora.xtec.cat\/ceipvistaalegre\/wp-content\/uploads\/usu1936\/2025\/01\/Screenshot_20250122_154647_Gallery-300x223.jpg 300w, https:\/\/agora.xtec.cat\/ceipvistaalegre\/wp-content\/uploads\/usu1936\/2025\/01\/Screenshot_20250122_154647_Gallery-1024x761.jpg 1024w, https:\/\/agora.xtec.cat\/ceipvistaalegre\/wp-content\/uploads\/usu1936\/2025\/01\/Screenshot_20250122_154647_Gallery-768x571.jpg 768w, https:\/\/agora.xtec.cat\/ceipvistaalegre\/wp-content\/uploads\/usu1936\/2025\/01\/Screenshot_20250122_154647_Gallery-200x150.jpg 200w, https:\/\/agora.xtec.cat\/ceipvistaalegre\/wp-content\/uploads\/usu1936\/2025\/01\/Screenshot_20250122_154647_Gallery.jpg 1080w\" sizes=\"auto, (max-width: 238px) 100vw, 238px\" \/><\/a> <a href=\"https:\/\/agora.xtec.cat\/ceipvistaalegre\/wp-content\/uploads\/usu1936\/2025\/01\/Screenshot_20250122_154622_Gallery.jpg\"><img loading=\"lazy\" decoding=\"async\" class=\"alignleft wp-image-10968\" src=\"https:\/\/agora.xtec.cat\/ceipvistaalegre\/wp-content\/uploads\/usu1936\/2025\/01\/Screenshot_20250122_154622_Gallery-300x217.jpg\" alt=\"\" width=\"228\" height=\"165\" srcset=\"https:\/\/agora.xtec.cat\/ceipvistaalegre\/wp-content\/uploads\/usu1936\/2025\/01\/Screenshot_20250122_154622_Gallery-300x217.jpg 300w, https:\/\/agora.xtec.cat\/ceipvistaalegre\/wp-content\/uploads\/usu1936\/2025\/01\/Screenshot_20250122_154622_Gallery-1024x741.jpg 1024w, https:\/\/agora.xtec.cat\/ceipvistaalegre\/wp-content\/uploads\/usu1936\/2025\/01\/Screenshot_20250122_154622_Gallery-768x555.jpg 768w, https:\/\/agora.xtec.cat\/ceipvistaalegre\/wp-content\/uploads\/usu1936\/2025\/01\/Screenshot_20250122_154622_Gallery.jpg 1080w\" sizes=\"auto, (max-width: 228px) 100vw, 228px\" \/><\/a><a href=\"https:\/\/agora.xtec.cat\/ceipvistaalegre\/wp-content\/uploads\/usu1936\/2025\/01\/Screenshot_20250122_154741_Gallery.jpg\"><br \/>\n<img loading=\"lazy\" decoding=\"async\" class=\"alignleft wp-image-10969\" src=\"https:\/\/agora.xtec.cat\/ceipvistaalegre\/wp-content\/uploads\/usu1936\/2025\/01\/Screenshot_20250122_154741_Gallery-300x222.jpg\" alt=\"\" width=\"220\" height=\"163\" srcset=\"https:\/\/agora.xtec.cat\/ceipvistaalegre\/wp-content\/uploads\/usu1936\/2025\/01\/Screenshot_20250122_154741_Gallery-300x222.jpg 300w, https:\/\/agora.xtec.cat\/ceipvistaalegre\/wp-content\/uploads\/usu1936\/2025\/01\/Screenshot_20250122_154741_Gallery-1024x759.jpg 1024w, https:\/\/agora.xtec.cat\/ceipvistaalegre\/wp-content\/uploads\/usu1936\/2025\/01\/Screenshot_20250122_154741_Gallery-768x569.jpg 768w, https:\/\/agora.xtec.cat\/ceipvistaalegre\/wp-content\/uploads\/usu1936\/2025\/01\/Screenshot_20250122_154741_Gallery.jpg 1080w\" sizes=\"auto, (max-width: 220px) 100vw, 220px\" \/><\/a><\/p>\n","protected":false},"excerpt":{"rendered":"<p>Aquest divendres vam anar al museu de les matem\u00e0tiques. Va ser una sortida molt guai, de tot el dia. Ara explicar\u00e9 com hem anat i qu\u00e8 hem fet: primer vam anar amb autocar fins a les 11 am, m\u00e9s o menys, despr\u00e9s vam esmorzar a&hellip;  <a href=\"https:\/\/agora.xtec.cat\/ceipvistaalegre\/primaria\/4t\/el-museu-de-les-matematiques\/\" title=\"Read El museu de les Matem\u00e0tiques\">Llegeix m\u00e9s\u00bb<\/a><\/p>\n","protected":false},"author":7,"featured_media":0,"comment_status":"open","ping_status":"closed","sticky":false,"template":"","format":"standard","meta":{"_bbp_topic_count":0,"_bbp_reply_count":0,"_bbp_total_topic_count":0,"_bbp_total_reply_count":0,"_bbp_voice_count":0,"_bbp_anonymous_reply_count":0,"_bbp_topic_count_hidden":0,"_bbp_reply_count_hidden":0,"_bbp_forum_subforum_count":0,"footnotes":""},"categories":[13],"tags":[],"class_list":["post-10965","post","type-post","status-publish","format-standard","hentry","category-4t"],"post_mailing_queue_ids":[],"_links":{"self":[{"href":"https:\/\/agora.xtec.cat\/ceipvistaalegre\/wp-json\/wp\/v2\/posts\/10965","targetHints":{"allow":["GET"]}}],"collection":[{"href":"https:\/\/agora.xtec.cat\/ceipvistaalegre\/wp-json\/wp\/v2\/posts"}],"about":[{"href":"https:\/\/agora.xtec.cat\/ceipvistaalegre\/wp-json\/wp\/v2\/types\/post"}],"author":[{"embeddable":true,"href":"https:\/\/agora.xtec.cat\/ceipvistaalegre\/wp-json\/wp\/v2\/users\/7"}],"replies":[{"embeddable":true,"href":"https:\/\/agora.xtec.cat\/ceipvistaalegre\/wp-json\/wp\/v2\/comments?post=10965"}],"version-history":[{"count":2,"href":"https:\/\/agora.xtec.cat\/ceipvistaalegre\/wp-json\/wp\/v2\/posts\/10965\/revisions"}],"predecessor-version":[{"id":11108,"href":"https:\/\/agora.xtec.cat\/ceipvistaalegre\/wp-json\/wp\/v2\/posts\/10965\/revisions\/11108"}],"wp:attachment":[{"href":"https:\/\/agora.xtec.cat\/ceipvistaalegre\/wp-json\/wp\/v2\/media?parent=10965"}],"wp:term":[{"taxonomy":"category","embeddable":true,"href":"https:\/\/agora.xtec.cat\/ceipvistaalegre\/wp-json\/wp\/v2\/categories?post=10965"},{"taxonomy":"post_tag","embeddable":true,"href":"https:\/\/agora.xtec.cat\/ceipvistaalegre\/wp-json\/wp\/v2\/tags?post=10965"}],"curies":[{"name":"wp","href":"https:\/\/api.w.org\/{rel}","templated":true}]}}