{"id":10946,"date":"2025-01-18T14:11:36","date_gmt":"2025-01-18T13:11:36","guid":{"rendered":"https:\/\/agora.xtec.cat\/ceipvistaalegre\/?p=10946"},"modified":"2025-01-18T14:13:03","modified_gmt":"2025-01-18T13:13:03","slug":"racons-de-lhivern-3","status":"publish","type":"post","link":"https:\/\/agora.xtec.cat\/ceipvistaalegre\/infantil\/infantil-4-anys\/racons-de-lhivern-3\/","title":{"rendered":"Racons de l&#8217;hivern."},"content":{"rendered":"<p><a href=\"https:\/\/agora.xtec.cat\/ceipvistaalegre\/infantil\/infantil-4-anys\/hivern\/attachment\/photo-output-1-5\/\" rel=\"attachment wp-att-10940\"><img loading=\"lazy\" decoding=\"async\" class=\"aligncenter size-full wp-image-10940\" src=\"https:\/\/agora.xtec.cat\/ceipvistaalegre\/wp-content\/uploads\/usu1936\/2025\/01\/photo-output-1-scaled.jpg\" alt=\"\" width=\"2560\" height=\"2560\" srcset=\"https:\/\/agora.xtec.cat\/ceipvistaalegre\/wp-content\/uploads\/usu1936\/2025\/01\/photo-output-1-scaled.jpg 2560w, https:\/\/agora.xtec.cat\/ceipvistaalegre\/wp-content\/uploads\/usu1936\/2025\/01\/photo-output-1-300x300.jpg 300w, https:\/\/agora.xtec.cat\/ceipvistaalegre\/wp-content\/uploads\/usu1936\/2025\/01\/photo-output-1-1024x1024.jpg 1024w, https:\/\/agora.xtec.cat\/ceipvistaalegre\/wp-content\/uploads\/usu1936\/2025\/01\/photo-output-1-150x150.jpg 150w, https:\/\/agora.xtec.cat\/ceipvistaalegre\/wp-content\/uploads\/usu1936\/2025\/01\/photo-output-1-768x768.jpg 768w, https:\/\/agora.xtec.cat\/ceipvistaalegre\/wp-content\/uploads\/usu1936\/2025\/01\/photo-output-1-1536x1536.jpg 1536w, https:\/\/agora.xtec.cat\/ceipvistaalegre\/wp-content\/uploads\/usu1936\/2025\/01\/photo-output-1-2048x2048.jpg 2048w\" sizes=\"auto, (max-width: 2560px) 100vw, 2560px\" \/><\/a><\/p>\n<p>Aquesta setmana hem comen\u00e7at els racons de l&#8217;hivern. El treball per racons, respon a <span class=\"NormalTextRun SCXW191519454 BCX0\">\u00a0una concepci\u00f3 constructivista, segons la qual l\u2019alumne\/a \u00e9s el\/la protagonista de l\u2019aprenentatge mentre que el docent \u00e9s un facilitador de coneixement. Aquest enfocament permetr\u00e0 a l\u2019infant realitzar aprenentatges significatius, funcionals i vivencials d&#8217;una manera m\u00e9s aut\u00f2noma.<\/span><\/p>\n<ul>\n<li><em><strong>Rac\u00f3 de llenguatge<\/strong>: <\/em>descoberta de nou l\u00e8xic. Consci\u00e8ncia fonol\u00f2gica: oca dels sons voc\u00e0lics i comptatge de s\u00edl\u00b7labes. Dictat i escriptura de noms d&#8217;animals.<\/li>\n<li><strong><em>Rac\u00f3 matem\u00e0tic: <\/em><\/strong>preparem una maleta carregada de<em style=\"font-family: inherit; font-size: 1em;\">&#8230; <\/em><span style=\"font-family: inherit; font-size: 1em;\">Anomenem i comptem peces de roba, relacionem la quantitat amb la grafia. Orientaci\u00f3 a l&#8217;espai: on posem els flocs de neu?<\/span><\/li>\n<li><em><strong>Rac\u00f3 de grafisme i motricitat fina:\u00a0<\/strong><\/em>direccionalitat del les grafies dels n\u00fameros sobre base sensorial. Escriptura i tra\u00e7 dels n\u00fameros amb peces soltes sobre panell en relleu.<\/li>\n<li><em><strong>Rac\u00f3 creatiu mini m\u00f3n<\/strong><\/em>: creaci\u00f3 lliure d&#8217;un paisatge d&#8217;hivern amb peces soltes, animals, nins, textures i estructures.<\/li>\n<li><em><strong>Rac\u00f3 sensorial:\u00a0<\/strong><\/em>com podem desfer els tresors que l&#8217;hivern ha congelat? &#8220;picant el gel&#8221;, &#8220;<em>amb aigua calenta&#8221;, &#8220;amb sal&#8221;&#8230;<\/em><\/li>\n<\/ul>\n","protected":false},"excerpt":{"rendered":"<p><a href=\"https:\/\/agora.xtec.cat\/ceipvistaalegre\/infantil\/infantil-4-anys\/hivern\/attachment\/photo-output-1-5\/\" rel=\"attachment wp-att-10940\"><\/a><br \/>\nAquesta setmana hem comen\u00e7at els racons de l&#8217;hivern. El treball per racons, respon a \u00a0una concepci\u00f3 constructivista, segons la qual l\u2019alumne\/a \u00e9s el\/la protagonista de l\u2019aprenentatge mentre que el docent \u00e9s un facilitador de coneixement. Aquest enfocament permetr\u00e0 a l\u2019infant realitzar aprenentatges&hellip;  <a href=\"https:\/\/agora.xtec.cat\/ceipvistaalegre\/infantil\/infantil-4-anys\/racons-de-lhivern-3\/\" title=\"Read Racons de l&#8217;hivern.\">Llegeix m\u00e9s\u00bb<\/a><\/p>\n","protected":false},"author":4,"featured_media":0,"comment_status":"open","ping_status":"closed","sticky":false,"template":"","format":"standard","meta":{"_bbp_topic_count":0,"_bbp_reply_count":0,"_bbp_total_topic_count":0,"_bbp_total_reply_count":0,"_bbp_voice_count":0,"_bbp_anonymous_reply_count":0,"_bbp_topic_count_hidden":0,"_bbp_reply_count_hidden":0,"_bbp_forum_subforum_count":0,"footnotes":""},"categories":[8],"tags":[234,262,272,345,178,313,232,203,194],"class_list":["post-10946","post","type-post","status-publish","format-standard","hentry","category-infantil-4-anys","tag-consciencia-fonologica","tag-creatiu","tag-experimentacio","tag-grafisme-i-trac","tag-hivern","tag-raco-sensorial","tag-racons-hivern","tag-racons-llenguatge","tag-racons-matematics"],"post_mailing_queue_ids":[],"_links":{"self":[{"href":"https:\/\/agora.xtec.cat\/ceipvistaalegre\/wp-json\/wp\/v2\/posts\/10946","targetHints":{"allow":["GET"]}}],"collection":[{"href":"https:\/\/agora.xtec.cat\/ceipvistaalegre\/wp-json\/wp\/v2\/posts"}],"about":[{"href":"https:\/\/agora.xtec.cat\/ceipvistaalegre\/wp-json\/wp\/v2\/types\/post"}],"author":[{"embeddable":true,"href":"https:\/\/agora.xtec.cat\/ceipvistaalegre\/wp-json\/wp\/v2\/users\/4"}],"replies":[{"embeddable":true,"href":"https:\/\/agora.xtec.cat\/ceipvistaalegre\/wp-json\/wp\/v2\/comments?post=10946"}],"version-history":[{"count":3,"href":"https:\/\/agora.xtec.cat\/ceipvistaalegre\/wp-json\/wp\/v2\/posts\/10946\/revisions"}],"predecessor-version":[{"id":10949,"href":"https:\/\/agora.xtec.cat\/ceipvistaalegre\/wp-json\/wp\/v2\/posts\/10946\/revisions\/10949"}],"wp:attachment":[{"href":"https:\/\/agora.xtec.cat\/ceipvistaalegre\/wp-json\/wp\/v2\/media?parent=10946"}],"wp:term":[{"taxonomy":"category","embeddable":true,"href":"https:\/\/agora.xtec.cat\/ceipvistaalegre\/wp-json\/wp\/v2\/categories?post=10946"},{"taxonomy":"post_tag","embeddable":true,"href":"https:\/\/agora.xtec.cat\/ceipvistaalegre\/wp-json\/wp\/v2\/tags?post=10946"}],"curies":[{"name":"wp","href":"https:\/\/api.w.org\/{rel}","templated":true}]}}