{"id":10939,"date":"2025-01-18T13:40:56","date_gmt":"2025-01-18T12:40:56","guid":{"rendered":"https:\/\/agora.xtec.cat\/ceipvistaalegre\/?p=10939"},"modified":"2025-01-18T14:14:00","modified_gmt":"2025-01-18T13:14:00","slug":"hivern","status":"publish","type":"post","link":"https:\/\/agora.xtec.cat\/ceipvistaalegre\/infantil\/infantil-4-anys\/hivern\/","title":{"rendered":"Arriba el fred!"},"content":{"rendered":"<p><a href=\"https:\/\/agora.xtec.cat\/ceipvistaalegre\/infantil\/infantil-4-anys\/hivern\/attachment\/photo-output\/\" rel=\"attachment wp-att-10941\"><img loading=\"lazy\" decoding=\"async\" class=\"aligncenter size-full wp-image-10941\" src=\"https:\/\/agora.xtec.cat\/ceipvistaalegre\/wp-content\/uploads\/usu1936\/2025\/01\/photo-output-scaled.jpg\" alt=\"\" width=\"2560\" height=\"2560\" srcset=\"https:\/\/agora.xtec.cat\/ceipvistaalegre\/wp-content\/uploads\/usu1936\/2025\/01\/photo-output-scaled.jpg 2560w, https:\/\/agora.xtec.cat\/ceipvistaalegre\/wp-content\/uploads\/usu1936\/2025\/01\/photo-output-300x300.jpg 300w, https:\/\/agora.xtec.cat\/ceipvistaalegre\/wp-content\/uploads\/usu1936\/2025\/01\/photo-output-1024x1024.jpg 1024w, https:\/\/agora.xtec.cat\/ceipvistaalegre\/wp-content\/uploads\/usu1936\/2025\/01\/photo-output-150x150.jpg 150w, https:\/\/agora.xtec.cat\/ceipvistaalegre\/wp-content\/uploads\/usu1936\/2025\/01\/photo-output-768x768.jpg 768w, https:\/\/agora.xtec.cat\/ceipvistaalegre\/wp-content\/uploads\/usu1936\/2025\/01\/photo-output-1536x1536.jpg 1536w, https:\/\/agora.xtec.cat\/ceipvistaalegre\/wp-content\/uploads\/usu1936\/2025\/01\/photo-output-2048x2048.jpg 2048w\" sizes=\"auto, (max-width: 2560px) 100vw, 2560px\" \/><\/a><\/p>\n<p>Aquests dies, a partir de fotografies, de l&#8217;observaci\u00f3 de l&#8217;entorn i de la lectura de contes hem anat descobrint els colors, les textures i el vocabulari que ens ofereix l&#8217;hivern.<\/p>\n<p>Hem elaborat frases a partir de l&#8217;observaci\u00f3 de les fotografies i les imatges dels contes. Hem confegit i estampat paraules. Tamb\u00e9 hem enfilat i pintat amb pipetes; hem fet transfer\u00e8ncia de colors amb paper de seda i elaborat un collage; hem embolicat llana a petites branques &#8230;<\/p>\n<p>Aquesta ha estat la nostra primera presa de contacte amb l&#8217;hivern.<\/p>\n","protected":false},"excerpt":{"rendered":"<p><a href=\"https:\/\/agora.xtec.cat\/ceipvistaalegre\/infantil\/infantil-4-anys\/hivern\/attachment\/photo-output\/\" rel=\"attachment wp-att-10941\"><\/a><br \/>\nAquests dies, a partir de fotografies, de l&#8217;observaci\u00f3 de l&#8217;entorn i de la lectura de contes hem anat descobrint els colors, les textures i el vocabulari que ens ofereix l&#8217;hivern.<br \/>\nHem elaborat frases a partir de l&#8217;observaci\u00f3 de les fotografies i les imatges&hellip;  <a href=\"https:\/\/agora.xtec.cat\/ceipvistaalegre\/infantil\/infantil-4-anys\/hivern\/\" title=\"Read Arriba el fred!\">Llegeix m\u00e9s\u00bb<\/a><\/p>\n","protected":false},"author":4,"featured_media":0,"comment_status":"open","ping_status":"closed","sticky":false,"template":"","format":"standard","meta":{"_bbp_topic_count":0,"_bbp_reply_count":0,"_bbp_total_topic_count":0,"_bbp_total_reply_count":0,"_bbp_voice_count":0,"_bbp_anonymous_reply_count":0,"_bbp_topic_count_hidden":0,"_bbp_reply_count_hidden":0,"_bbp_forum_subforum_count":0,"footnotes":""},"categories":[8],"tags":[343,272,125,178,344,228,239],"class_list":["post-10939","post","type-post","status-publish","format-standard","hentry","category-infantil-4-anys","tag-destreses-manuals","tag-experimentacio","tag-expressio-artistica","tag-hivern","tag-llenguatge-escrit","tag-llenguatge-verbal","tag-observacio"],"post_mailing_queue_ids":[],"_links":{"self":[{"href":"https:\/\/agora.xtec.cat\/ceipvistaalegre\/wp-json\/wp\/v2\/posts\/10939","targetHints":{"allow":["GET"]}}],"collection":[{"href":"https:\/\/agora.xtec.cat\/ceipvistaalegre\/wp-json\/wp\/v2\/posts"}],"about":[{"href":"https:\/\/agora.xtec.cat\/ceipvistaalegre\/wp-json\/wp\/v2\/types\/post"}],"author":[{"embeddable":true,"href":"https:\/\/agora.xtec.cat\/ceipvistaalegre\/wp-json\/wp\/v2\/users\/4"}],"replies":[{"embeddable":true,"href":"https:\/\/agora.xtec.cat\/ceipvistaalegre\/wp-json\/wp\/v2\/comments?post=10939"}],"version-history":[{"count":4,"href":"https:\/\/agora.xtec.cat\/ceipvistaalegre\/wp-json\/wp\/v2\/posts\/10939\/revisions"}],"predecessor-version":[{"id":10950,"href":"https:\/\/agora.xtec.cat\/ceipvistaalegre\/wp-json\/wp\/v2\/posts\/10939\/revisions\/10950"}],"wp:attachment":[{"href":"https:\/\/agora.xtec.cat\/ceipvistaalegre\/wp-json\/wp\/v2\/media?parent=10939"}],"wp:term":[{"taxonomy":"category","embeddable":true,"href":"https:\/\/agora.xtec.cat\/ceipvistaalegre\/wp-json\/wp\/v2\/categories?post=10939"},{"taxonomy":"post_tag","embeddable":true,"href":"https:\/\/agora.xtec.cat\/ceipvistaalegre\/wp-json\/wp\/v2\/tags?post=10939"}],"curies":[{"name":"wp","href":"https:\/\/api.w.org\/{rel}","templated":true}]}}