{"id":10855,"date":"2025-01-20T14:04:55","date_gmt":"2025-01-20T13:04:55","guid":{"rendered":"https:\/\/agora.xtec.cat\/ceipvistaalegre\/?p=10855"},"modified":"2025-01-20T14:04:55","modified_gmt":"2025-01-20T13:04:55","slug":"racons-de-matematiques","status":"publish","type":"post","link":"https:\/\/agora.xtec.cat\/ceipvistaalegre\/primaria\/6e\/racons-de-matematiques\/","title":{"rendered":"Racons de matem\u00e0tiques"},"content":{"rendered":"<p style=\"text-align: left\">\u00a0 \u00a0 \u00a0 \u00a0 \u00a0 \u00a0 \u00a0 \u00a0 \u00a0 Les tardes de dimarts distribu\u00efm els alumnes en\u00a0 grups d&#8217;uns 4 o 5 nens i nenes per fer racons de matem\u00e0tiques, on es treballen\u00a0 diferents sabers matem\u00e0tics de manera multinivell, aix\u00f2\u00a0 permet atendre\u00a0 tota la diversitat de l&#8217;alumnat i afavorir la inclusi\u00f3, respectant aix\u00ed els diferents ritmes i nivells d&#8217;aprenentatge,\u00a0 els interessos i motivacions variades que es poden presentar dins de l&#8217;aula.<\/p>\n<p style=\"text-align: left\">\u00a0 \u00a0 \u00a0 \u00a0 \u00a0 \u00a0 \u00a0 \u00a0 Als racons es treballen les matem\u00e0tiques de manera l\u00fadica, visual i manipulativa, aix\u00ed els alumnes alhora que aprenen es diverteixen i tamb\u00e9 s&#8217;ajuden entre ells.<\/p>\n<p style=\"text-align: left\">\u00a0 \u00a0 \u00a0 \u00a0 \u00a0 \u00a0 \u00a0 \u00a0S&#8217;han fet les seg\u00fcents activitats: de\u00a0 geometria, formant figures amb peces geom\u00e8triques i representant-les en un full, de resoluci\u00f3 de problemes competencials, de numeraci\u00f3 jugant amb daus als m\u00faltiples i representant els nombres en una graella, jugant a les pot\u00e8ncies amb un memori on tamb\u00e9 poden fer \u00fas de la calculadora, d&#8217;operacions de multiplicacions jugant a un loto de les taules de multiplicar, de sumes\u00a0 amb material manipulatiu; de rob\u00f2tica, aprenent a programar.<\/p>\n<p>Aqu\u00ed trobeu algunes imatges de les activitats que s&#8217;han fet a les darreres sessions.<\/p>\n<p>&nbsp;<\/p>\n<p><a href=\"https:\/\/agora.xtec.cat\/ceipvistaalegre\/wp-content\/uploads\/usu1936\/2025\/01\/1737308697256-2-scaled.jpg\"><img loading=\"lazy\" decoding=\"async\" class=\"alignnone size-large wp-image-10960\" src=\"https:\/\/agora.xtec.cat\/ceipvistaalegre\/wp-content\/uploads\/usu1936\/2025\/01\/1737308697256-2-768x1024.jpg\" alt=\"\" width=\"768\" height=\"1024\" srcset=\"https:\/\/agora.xtec.cat\/ceipvistaalegre\/wp-content\/uploads\/usu1936\/2025\/01\/1737308697256-2-768x1024.jpg 768w, https:\/\/agora.xtec.cat\/ceipvistaalegre\/wp-content\/uploads\/usu1936\/2025\/01\/1737308697256-2-225x300.jpg 225w, https:\/\/agora.xtec.cat\/ceipvistaalegre\/wp-content\/uploads\/usu1936\/2025\/01\/1737308697256-2-1152x1536.jpg 1152w, https:\/\/agora.xtec.cat\/ceipvistaalegre\/wp-content\/uploads\/usu1936\/2025\/01\/1737308697256-2-1536x2048.jpg 1536w, https:\/\/agora.xtec.cat\/ceipvistaalegre\/wp-content\/uploads\/usu1936\/2025\/01\/1737308697256-2-scaled.jpg 1920w\" sizes=\"auto, (max-width: 768px) 100vw, 768px\" \/><\/a><\/p>\n<p><a href=\"https:\/\/agora.xtec.cat\/ceipvistaalegre\/wp-content\/uploads\/usu1936\/2025\/01\/1736978092721-1-scaled.jpg\"><img loading=\"lazy\" decoding=\"async\" class=\"alignnone size-large wp-image-10959\" src=\"https:\/\/agora.xtec.cat\/ceipvistaalegre\/wp-content\/uploads\/usu1936\/2025\/01\/1736978092721-1-768x1024.jpg\" alt=\"\" width=\"768\" height=\"1024\" srcset=\"https:\/\/agora.xtec.cat\/ceipvistaalegre\/wp-content\/uploads\/usu1936\/2025\/01\/1736978092721-1-768x1024.jpg 768w, https:\/\/agora.xtec.cat\/ceipvistaalegre\/wp-content\/uploads\/usu1936\/2025\/01\/1736978092721-1-225x300.jpg 225w, https:\/\/agora.xtec.cat\/ceipvistaalegre\/wp-content\/uploads\/usu1936\/2025\/01\/1736978092721-1-1152x1536.jpg 1152w, https:\/\/agora.xtec.cat\/ceipvistaalegre\/wp-content\/uploads\/usu1936\/2025\/01\/1736978092721-1-1536x2048.jpg 1536w, https:\/\/agora.xtec.cat\/ceipvistaalegre\/wp-content\/uploads\/usu1936\/2025\/01\/1736978092721-1-scaled.jpg 1920w\" sizes=\"auto, (max-width: 768px) 100vw, 768px\" \/><\/a><\/p>\n","protected":false},"excerpt":{"rendered":"<p>\u00a0 \u00a0 \u00a0 \u00a0 \u00a0 \u00a0 \u00a0 \u00a0 \u00a0 Les tardes de dimarts distribu\u00efm els alumnes en\u00a0 grups d&#8217;uns 4 o 5 nens i nenes per fer racons de matem\u00e0tiques, on es treballen\u00a0 diferents sabers matem\u00e0tics de manera multinivell, aix\u00f2\u00a0 permet atendre\u00a0 tota la diversitat&hellip;  <a href=\"https:\/\/agora.xtec.cat\/ceipvistaalegre\/primaria\/6e\/racons-de-matematiques\/\" title=\"Read Racons de matem\u00e0tiques\">Llegeix m\u00e9s\u00bb<\/a><\/p>\n","protected":false},"author":8,"featured_media":0,"comment_status":"open","ping_status":"closed","sticky":false,"template":"","format":"standard","meta":{"_bbp_topic_count":0,"_bbp_reply_count":0,"_bbp_total_topic_count":0,"_bbp_total_reply_count":0,"_bbp_voice_count":0,"_bbp_anonymous_reply_count":0,"_bbp_topic_count_hidden":0,"_bbp_reply_count_hidden":0,"_bbp_forum_subforum_count":0,"footnotes":""},"categories":[15],"tags":[349,346,347,348,194],"class_list":["post-10855","post","type-post","status-publish","format-standard","hentry","category-6e","tag-aprenem","tag-inclusio","tag-juguem","tag-manipulem","tag-racons-matematics"],"post_mailing_queue_ids":[],"_links":{"self":[{"href":"https:\/\/agora.xtec.cat\/ceipvistaalegre\/wp-json\/wp\/v2\/posts\/10855","targetHints":{"allow":["GET"]}}],"collection":[{"href":"https:\/\/agora.xtec.cat\/ceipvistaalegre\/wp-json\/wp\/v2\/posts"}],"about":[{"href":"https:\/\/agora.xtec.cat\/ceipvistaalegre\/wp-json\/wp\/v2\/types\/post"}],"author":[{"embeddable":true,"href":"https:\/\/agora.xtec.cat\/ceipvistaalegre\/wp-json\/wp\/v2\/users\/8"}],"replies":[{"embeddable":true,"href":"https:\/\/agora.xtec.cat\/ceipvistaalegre\/wp-json\/wp\/v2\/comments?post=10855"}],"version-history":[{"count":5,"href":"https:\/\/agora.xtec.cat\/ceipvistaalegre\/wp-json\/wp\/v2\/posts\/10855\/revisions"}],"predecessor-version":[{"id":10963,"href":"https:\/\/agora.xtec.cat\/ceipvistaalegre\/wp-json\/wp\/v2\/posts\/10855\/revisions\/10963"}],"wp:attachment":[{"href":"https:\/\/agora.xtec.cat\/ceipvistaalegre\/wp-json\/wp\/v2\/media?parent=10855"}],"wp:term":[{"taxonomy":"category","embeddable":true,"href":"https:\/\/agora.xtec.cat\/ceipvistaalegre\/wp-json\/wp\/v2\/categories?post=10855"},{"taxonomy":"post_tag","embeddable":true,"href":"https:\/\/agora.xtec.cat\/ceipvistaalegre\/wp-json\/wp\/v2\/tags?post=10855"}],"curies":[{"name":"wp","href":"https:\/\/api.w.org\/{rel}","templated":true}]}}