{"id":10846,"date":"2025-01-11T17:54:57","date_gmt":"2025-01-11T16:54:57","guid":{"rendered":"https:\/\/agora.xtec.cat\/ceipvistaalegre\/?p=10846"},"modified":"2025-01-11T18:04:57","modified_gmt":"2025-01-11T17:04:57","slug":"comencem-compartint","status":"publish","type":"post","link":"https:\/\/agora.xtec.cat\/ceipvistaalegre\/primaria\/1r\/comencem-compartint\/","title":{"rendered":"Bon any a tots i totes!"},"content":{"rendered":"<p style=\"text-align: left\"><span style=\"font-family: inherit;font-size: 1em\">Els nens i nenes de 1r estan molt contents de poder comen\u00e7ar el nou any 2025, descobrint que han vingut els reis a l&#8217;escola i ens han deixat regals per cada classe. Quina gran sorpresa!!<\/span><\/p>\n<p><span style=\"font-family: inherit;font-size: 1em\"><a href=\"https:\/\/agora.xtec.cat\/ceipvistaalegre\/wp-content\/uploads\/usu1936\/2025\/01\/1736614892179-1-scaled.jpg\"><img loading=\"lazy\" decoding=\"async\" class=\"alignnone size-large wp-image-10850\" src=\"https:\/\/agora.xtec.cat\/ceipvistaalegre\/wp-content\/uploads\/usu1936\/2025\/01\/1736614892179-1-768x1024.jpg\" alt=\"\" width=\"768\" height=\"1024\" srcset=\"https:\/\/agora.xtec.cat\/ceipvistaalegre\/wp-content\/uploads\/usu1936\/2025\/01\/1736614892179-1-768x1024.jpg 768w, https:\/\/agora.xtec.cat\/ceipvistaalegre\/wp-content\/uploads\/usu1936\/2025\/01\/1736614892179-1-225x300.jpg 225w, https:\/\/agora.xtec.cat\/ceipvistaalegre\/wp-content\/uploads\/usu1936\/2025\/01\/1736614892179-1-1152x1536.jpg 1152w, https:\/\/agora.xtec.cat\/ceipvistaalegre\/wp-content\/uploads\/usu1936\/2025\/01\/1736614892179-1-1536x2048.jpg 1536w, https:\/\/agora.xtec.cat\/ceipvistaalegre\/wp-content\/uploads\/usu1936\/2025\/01\/1736614892179-1-scaled.jpg 1920w\" sizes=\"auto, (max-width: 768px) 100vw, 768px\" \/><\/a><\/span><\/p>\n<p style=\"text-align: left\"><span style=\"font-family: inherit;font-size: 1em\">A m\u00e9s, tamb\u00e9 han pogut compartir les seves joguines preferides. Aix\u00ed aquest divendres a la tarda, han pogut gaudir d&#8217;una estona divertida de jocs i joguines, amb els seus companys.\u00a0<\/span><\/p>\n<p style=\"text-align: left\"><a style=\"font-family: inherit\" href=\"https:\/\/agora.xtec.cat\/ceipvistaalegre\/wp-content\/uploads\/usu1936\/2025\/01\/Compartim--scaled.jpg\"><img loading=\"lazy\" decoding=\"async\" class=\"size-large wp-image-10847 alignright\" src=\"https:\/\/agora.xtec.cat\/ceipvistaalegre\/wp-content\/uploads\/usu1936\/2025\/01\/Compartim--768x1024.jpg\" alt=\"\" width=\"768\" height=\"1024\" srcset=\"https:\/\/agora.xtec.cat\/ceipvistaalegre\/wp-content\/uploads\/usu1936\/2025\/01\/Compartim--768x1024.jpg 768w, https:\/\/agora.xtec.cat\/ceipvistaalegre\/wp-content\/uploads\/usu1936\/2025\/01\/Compartim--225x300.jpg 225w, https:\/\/agora.xtec.cat\/ceipvistaalegre\/wp-content\/uploads\/usu1936\/2025\/01\/Compartim--1152x1536.jpg 1152w, https:\/\/agora.xtec.cat\/ceipvistaalegre\/wp-content\/uploads\/usu1936\/2025\/01\/Compartim--1536x2048.jpg 1536w, https:\/\/agora.xtec.cat\/ceipvistaalegre\/wp-content\/uploads\/usu1936\/2025\/01\/Compartim--scaled.jpg 1920w\" sizes=\"auto, (max-width: 768px) 100vw, 768px\" \/><\/a><\/p>\n","protected":false},"excerpt":{"rendered":"<p>Els nens i nenes de 1r estan molt contents de poder comen\u00e7ar el nou any 2025, descobrint que han vingut els reis a l&#8217;escola i ens han deixat regals per cada classe. Quina gran sorpresa!!<br \/>\n<a href=\"https:\/\/agora.xtec.cat\/ceipvistaalegre\/wp-content\/uploads\/usu1936\/2025\/01\/1736614892179-1-scaled.jpg\"><\/a><br \/>\nA m\u00e9s, tamb\u00e9 han pogut compartir les seves joguines preferides.&hellip;  <a href=\"https:\/\/agora.xtec.cat\/ceipvistaalegre\/primaria\/1r\/comencem-compartint\/\" title=\"Read Bon any a tots i totes!\">Llegeix m\u00e9s\u00bb<\/a><\/p>\n","protected":false},"author":25,"featured_media":0,"comment_status":"closed","ping_status":"closed","sticky":false,"template":"","format":"standard","meta":{"_bbp_topic_count":0,"_bbp_reply_count":0,"_bbp_total_topic_count":0,"_bbp_total_reply_count":0,"_bbp_voice_count":0,"_bbp_anonymous_reply_count":0,"_bbp_topic_count_hidden":0,"_bbp_reply_count_hidden":0,"_bbp_forum_subforum_count":0,"footnotes":""},"categories":[10],"tags":[],"class_list":["post-10846","post","type-post","status-publish","format-standard","hentry","category-1r"],"post_mailing_queue_ids":[],"_links":{"self":[{"href":"https:\/\/agora.xtec.cat\/ceipvistaalegre\/wp-json\/wp\/v2\/posts\/10846","targetHints":{"allow":["GET"]}}],"collection":[{"href":"https:\/\/agora.xtec.cat\/ceipvistaalegre\/wp-json\/wp\/v2\/posts"}],"about":[{"href":"https:\/\/agora.xtec.cat\/ceipvistaalegre\/wp-json\/wp\/v2\/types\/post"}],"author":[{"embeddable":true,"href":"https:\/\/agora.xtec.cat\/ceipvistaalegre\/wp-json\/wp\/v2\/users\/25"}],"replies":[{"embeddable":true,"href":"https:\/\/agora.xtec.cat\/ceipvistaalegre\/wp-json\/wp\/v2\/comments?post=10846"}],"version-history":[{"count":3,"href":"https:\/\/agora.xtec.cat\/ceipvistaalegre\/wp-json\/wp\/v2\/posts\/10846\/revisions"}],"predecessor-version":[{"id":10851,"href":"https:\/\/agora.xtec.cat\/ceipvistaalegre\/wp-json\/wp\/v2\/posts\/10846\/revisions\/10851"}],"wp:attachment":[{"href":"https:\/\/agora.xtec.cat\/ceipvistaalegre\/wp-json\/wp\/v2\/media?parent=10846"}],"wp:term":[{"taxonomy":"category","embeddable":true,"href":"https:\/\/agora.xtec.cat\/ceipvistaalegre\/wp-json\/wp\/v2\/categories?post=10846"},{"taxonomy":"post_tag","embeddable":true,"href":"https:\/\/agora.xtec.cat\/ceipvistaalegre\/wp-json\/wp\/v2\/tags?post=10846"}],"curies":[{"name":"wp","href":"https:\/\/api.w.org\/{rel}","templated":true}]}}