{"id":10791,"date":"2024-12-20T07:58:15","date_gmt":"2024-12-20T06:58:15","guid":{"rendered":"https:\/\/agora.xtec.cat\/ceipvistaalegre\/?p=10791"},"modified":"2024-12-20T07:58:15","modified_gmt":"2024-12-20T06:58:15","slug":"activitats-de-nadal-2","status":"publish","type":"post","link":"https:\/\/agora.xtec.cat\/ceipvistaalegre\/portada\/activitats-de-nadal-2\/","title":{"rendered":"Activitats de Nadal"},"content":{"rendered":"<p>S&#8217;acosten dies de celebraci\u00f3 per a molts, de tradicions i de cultura popular. Tot i que a les classes ja porten dies fent activitats, durant aquests \u00faltims dies de trimestre, i a prop de les festes de Nadal, hem realitzat activitats molt especials per a grans i petits, que donaran inici a l&#8217;arribada de les vacances de Nadal i a la m\u00e0gia d&#8217;aquests dies.<\/p>\n<p>Des de I3 fins a 6\u00e8 han pogut gaudir de contes, fer cagar el Ti\u00f3, una gimcana nadalenca o la visita dels patges reials.<\/p>\n<p><a href=\"https:\/\/agora.xtec.cat\/ceipvistaalegre\/wp-content\/uploads\/usu1936\/2024\/12\/arbol-navidad-Ocean-scaled-2560x1440-optimized.webp\"><img loading=\"lazy\" decoding=\"async\" class=\"aligncenter wp-image-10792 size-medium\" src=\"https:\/\/agora.xtec.cat\/ceipvistaalegre\/wp-content\/uploads\/usu1936\/2024\/12\/arbol-navidad-Ocean-scaled-2560x1440-optimized-300x169.webp\" alt=\"\" width=\"300\" height=\"169\" srcset=\"https:\/\/agora.xtec.cat\/ceipvistaalegre\/wp-content\/uploads\/usu1936\/2024\/12\/arbol-navidad-Ocean-scaled-2560x1440-optimized-300x169.webp 300w, https:\/\/agora.xtec.cat\/ceipvistaalegre\/wp-content\/uploads\/usu1936\/2024\/12\/arbol-navidad-Ocean-scaled-2560x1440-optimized-1024x576.webp 1024w, https:\/\/agora.xtec.cat\/ceipvistaalegre\/wp-content\/uploads\/usu1936\/2024\/12\/arbol-navidad-Ocean-scaled-2560x1440-optimized-768x432.webp 768w, https:\/\/agora.xtec.cat\/ceipvistaalegre\/wp-content\/uploads\/usu1936\/2024\/12\/arbol-navidad-Ocean-scaled-2560x1440-optimized-1536x864.webp 1536w, https:\/\/agora.xtec.cat\/ceipvistaalegre\/wp-content\/uploads\/usu1936\/2024\/12\/arbol-navidad-Ocean-scaled-2560x1440-optimized-2048x1152.webp 2048w\" sizes=\"auto, (max-width: 300px) 100vw, 300px\" \/><\/a><\/p>\n<p>Si voleu veure les imatges i v\u00eddeos de totes aquestes activitats, podeu clicar el seg\u00fcent enlla\u00e7: <a href=\"https:\/\/drive.google.com\/drive\/folders\/1NqKP2Y-lZoIDFplKMV_Q3GGMl9Z3EhCp?usp=sharing\">NADAL 2024<\/a><\/p>\n","protected":false},"excerpt":{"rendered":"<p>S&#8217;acosten dies de celebraci\u00f3 per a molts, de tradicions i de cultura popular. Tot i que a les classes ja porten dies fent activitats, durant aquests \u00faltims dies de trimestre, i a prop de les festes de Nadal, hem realitzat activitats molt especials per a&hellip;  <a href=\"https:\/\/agora.xtec.cat\/ceipvistaalegre\/portada\/activitats-de-nadal-2\/\" title=\"Read Activitats de Nadal\">Llegeix m\u00e9s\u00bb<\/a><\/p>\n","protected":false},"author":3,"featured_media":0,"comment_status":"open","ping_status":"closed","sticky":false,"template":"","format":"standard","meta":{"_bbp_topic_count":0,"_bbp_reply_count":0,"_bbp_total_topic_count":0,"_bbp_total_reply_count":0,"_bbp_voice_count":0,"_bbp_anonymous_reply_count":0,"_bbp_topic_count_hidden":0,"_bbp_reply_count_hidden":0,"_bbp_forum_subforum_count":0,"footnotes":""},"categories":[4],"tags":[],"class_list":["post-10791","post","type-post","status-publish","format-standard","hentry","category-portada"],"post_mailing_queue_ids":[],"_links":{"self":[{"href":"https:\/\/agora.xtec.cat\/ceipvistaalegre\/wp-json\/wp\/v2\/posts\/10791","targetHints":{"allow":["GET"]}}],"collection":[{"href":"https:\/\/agora.xtec.cat\/ceipvistaalegre\/wp-json\/wp\/v2\/posts"}],"about":[{"href":"https:\/\/agora.xtec.cat\/ceipvistaalegre\/wp-json\/wp\/v2\/types\/post"}],"author":[{"embeddable":true,"href":"https:\/\/agora.xtec.cat\/ceipvistaalegre\/wp-json\/wp\/v2\/users\/3"}],"replies":[{"embeddable":true,"href":"https:\/\/agora.xtec.cat\/ceipvistaalegre\/wp-json\/wp\/v2\/comments?post=10791"}],"version-history":[{"count":1,"href":"https:\/\/agora.xtec.cat\/ceipvistaalegre\/wp-json\/wp\/v2\/posts\/10791\/revisions"}],"predecessor-version":[{"id":10793,"href":"https:\/\/agora.xtec.cat\/ceipvistaalegre\/wp-json\/wp\/v2\/posts\/10791\/revisions\/10793"}],"wp:attachment":[{"href":"https:\/\/agora.xtec.cat\/ceipvistaalegre\/wp-json\/wp\/v2\/media?parent=10791"}],"wp:term":[{"taxonomy":"category","embeddable":true,"href":"https:\/\/agora.xtec.cat\/ceipvistaalegre\/wp-json\/wp\/v2\/categories?post=10791"},{"taxonomy":"post_tag","embeddable":true,"href":"https:\/\/agora.xtec.cat\/ceipvistaalegre\/wp-json\/wp\/v2\/tags?post=10791"}],"curies":[{"name":"wp","href":"https:\/\/api.w.org\/{rel}","templated":true}]}}