{"id":10787,"date":"2024-12-19T18:35:41","date_gmt":"2024-12-19T17:35:41","guid":{"rendered":"https:\/\/agora.xtec.cat\/ceipvistaalegre\/?p=10787"},"modified":"2024-12-19T18:35:41","modified_gmt":"2024-12-19T17:35:41","slug":"decoracio-dhivern-2","status":"publish","type":"post","link":"https:\/\/agora.xtec.cat\/ceipvistaalegre\/primaria\/5e\/decoracio-dhivern-2\/","title":{"rendered":"Decoraci\u00f3 d&#8217;hivern"},"content":{"rendered":"<p>Amb l&#8217;arribada del final del trimestre, els nens i nenes de cinqu\u00e8 i sis\u00e8, han posat en marxa la seva creativitat per decorar la paret de l&#8217;escola amb motius hivernals. Aquesta activitat ha estat una manera divertida de donar la benvinguda a l&#8217;estaci\u00f3 de l&#8217;hivern.<\/p>\n<p>A m\u00e9s de la creativitat, aquesta activitat ha estat una gran oportunitat per a fomentar valors com la col\u00b7laboraci\u00f3, el respecte per les idees dels altres i la import\u00e0ncia de treballar junts per aconseguir un objectiu com\u00fa.<\/p>\n<p><img loading=\"lazy\" decoding=\"async\" class=\"alignnone  wp-image-10788\" src=\"https:\/\/agora.xtec.cat\/ceipvistaalegre\/wp-content\/uploads\/usu1936\/2024\/12\/WhatsApp-Image-2024-12-19-at-18.10.07-768x1024.jpeg\" alt=\"\" width=\"264\" height=\"352\" srcset=\"https:\/\/agora.xtec.cat\/ceipvistaalegre\/wp-content\/uploads\/usu1936\/2024\/12\/WhatsApp-Image-2024-12-19-at-18.10.07-768x1024.jpeg 768w, https:\/\/agora.xtec.cat\/ceipvistaalegre\/wp-content\/uploads\/usu1936\/2024\/12\/WhatsApp-Image-2024-12-19-at-18.10.07-225x300.jpeg 225w, https:\/\/agora.xtec.cat\/ceipvistaalegre\/wp-content\/uploads\/usu1936\/2024\/12\/WhatsApp-Image-2024-12-19-at-18.10.07-1152x1536.jpeg 1152w, https:\/\/agora.xtec.cat\/ceipvistaalegre\/wp-content\/uploads\/usu1936\/2024\/12\/WhatsApp-Image-2024-12-19-at-18.10.07.jpeg 1536w\" sizes=\"auto, (max-width: 264px) 100vw, 264px\" \/><\/p>\n<p><img loading=\"lazy\" decoding=\"async\" class=\"alignnone  wp-image-10789\" src=\"https:\/\/agora.xtec.cat\/ceipvistaalegre\/wp-content\/uploads\/usu1936\/2024\/12\/WhatsApp-Image-2024-12-19-at-18.11.15-768x1024.jpeg\" alt=\"\" width=\"266\" height=\"355\" srcset=\"https:\/\/agora.xtec.cat\/ceipvistaalegre\/wp-content\/uploads\/usu1936\/2024\/12\/WhatsApp-Image-2024-12-19-at-18.11.15-768x1024.jpeg 768w, https:\/\/agora.xtec.cat\/ceipvistaalegre\/wp-content\/uploads\/usu1936\/2024\/12\/WhatsApp-Image-2024-12-19-at-18.11.15-225x300.jpeg 225w, https:\/\/agora.xtec.cat\/ceipvistaalegre\/wp-content\/uploads\/usu1936\/2024\/12\/WhatsApp-Image-2024-12-19-at-18.11.15-1152x1536.jpeg 1152w, https:\/\/agora.xtec.cat\/ceipvistaalegre\/wp-content\/uploads\/usu1936\/2024\/12\/WhatsApp-Image-2024-12-19-at-18.11.15.jpeg 1536w\" sizes=\"auto, (max-width: 266px) 100vw, 266px\" \/><\/p>\n<p>&nbsp;<\/p>\n<p>&nbsp;<\/p>\n","protected":false},"excerpt":{"rendered":"<p>Amb l&#8217;arribada del final del trimestre, els nens i nenes de cinqu\u00e8 i sis\u00e8, han posat en marxa la seva creativitat per decorar la paret de l&#8217;escola amb motius hivernals. Aquesta activitat ha estat una manera divertida de donar la benvinguda a l&#8217;estaci\u00f3 de l&#8217;hivern.<br \/>\nA&hellip;  <a href=\"https:\/\/agora.xtec.cat\/ceipvistaalegre\/primaria\/5e\/decoracio-dhivern-2\/\" title=\"Read Decoraci\u00f3 d&#8217;hivern\">Llegeix m\u00e9s\u00bb<\/a><\/p>\n","protected":false},"author":18,"featured_media":0,"comment_status":"open","ping_status":"closed","sticky":false,"template":"","format":"standard","meta":{"_bbp_topic_count":0,"_bbp_reply_count":0,"_bbp_total_topic_count":0,"_bbp_total_reply_count":0,"_bbp_voice_count":0,"_bbp_anonymous_reply_count":0,"_bbp_topic_count_hidden":0,"_bbp_reply_count_hidden":0,"_bbp_forum_subforum_count":0,"footnotes":""},"categories":[14],"tags":[],"class_list":["post-10787","post","type-post","status-publish","format-standard","hentry","category-5e"],"post_mailing_queue_ids":[],"_links":{"self":[{"href":"https:\/\/agora.xtec.cat\/ceipvistaalegre\/wp-json\/wp\/v2\/posts\/10787","targetHints":{"allow":["GET"]}}],"collection":[{"href":"https:\/\/agora.xtec.cat\/ceipvistaalegre\/wp-json\/wp\/v2\/posts"}],"about":[{"href":"https:\/\/agora.xtec.cat\/ceipvistaalegre\/wp-json\/wp\/v2\/types\/post"}],"author":[{"embeddable":true,"href":"https:\/\/agora.xtec.cat\/ceipvistaalegre\/wp-json\/wp\/v2\/users\/18"}],"replies":[{"embeddable":true,"href":"https:\/\/agora.xtec.cat\/ceipvistaalegre\/wp-json\/wp\/v2\/comments?post=10787"}],"version-history":[{"count":1,"href":"https:\/\/agora.xtec.cat\/ceipvistaalegre\/wp-json\/wp\/v2\/posts\/10787\/revisions"}],"predecessor-version":[{"id":10790,"href":"https:\/\/agora.xtec.cat\/ceipvistaalegre\/wp-json\/wp\/v2\/posts\/10787\/revisions\/10790"}],"wp:attachment":[{"href":"https:\/\/agora.xtec.cat\/ceipvistaalegre\/wp-json\/wp\/v2\/media?parent=10787"}],"wp:term":[{"taxonomy":"category","embeddable":true,"href":"https:\/\/agora.xtec.cat\/ceipvistaalegre\/wp-json\/wp\/v2\/categories?post=10787"},{"taxonomy":"post_tag","embeddable":true,"href":"https:\/\/agora.xtec.cat\/ceipvistaalegre\/wp-json\/wp\/v2\/tags?post=10787"}],"curies":[{"name":"wp","href":"https:\/\/api.w.org\/{rel}","templated":true}]}}