{"id":10720,"date":"2024-12-11T22:24:46","date_gmt":"2024-12-11T21:24:46","guid":{"rendered":"https:\/\/agora.xtec.cat\/ceipvistaalegre\/?p=10720"},"modified":"2024-12-11T22:24:46","modified_gmt":"2024-12-11T21:24:46","slug":"exposicio-projecte-el-drac-de-les-santes","status":"publish","type":"post","link":"https:\/\/agora.xtec.cat\/ceipvistaalegre\/primaria\/5e\/exposicio-projecte-el-drac-de-les-santes\/","title":{"rendered":"Exposici\u00f3 projecte &#8220;EL DRAC DE LES SANTES&#8221;"},"content":{"rendered":"<p>Al llarg d&#8217;aquest trimestre s&#8217;ha treballat el projecte del nom de la nostra classe. El drac de les Santes, \u00e9s un dels elements m\u00e9s emblem\u00e0tics de la celebraci\u00f3 de la festa.<\/p>\n<p>Els nens i nenes de cinqu\u00e8, han fet grups de treball per a realitzar recerca i aprofundir sobre el tema del drac, com ara la construcci\u00f3, el disseny, material utilitzat, el proc\u00e9s de creaci\u00f3, la seva hist\u00f2ria, on es va crear&#8230;<\/p>\n<p>Despr\u00e9s, cada grup ha presentat el seu projecte a la resta de classe. El feedback entre ells ha estat molt positiu, dient les seves opinions i fent comentaris, fomentat el creixement i desenvolupament tant a nivell personal com de grup.<\/p>\n<p><img loading=\"lazy\" decoding=\"async\" class=\"alignnone  wp-image-10721\" src=\"https:\/\/agora.xtec.cat\/ceipvistaalegre\/wp-content\/uploads\/usu1936\/2024\/12\/WhatsApp-Image-2024-12-11-at-20.02.24-1024x768.jpeg\" alt=\"\" width=\"351\" height=\"263\" srcset=\"https:\/\/agora.xtec.cat\/ceipvistaalegre\/wp-content\/uploads\/usu1936\/2024\/12\/WhatsApp-Image-2024-12-11-at-20.02.24-1024x768.jpeg 1024w, https:\/\/agora.xtec.cat\/ceipvistaalegre\/wp-content\/uploads\/usu1936\/2024\/12\/WhatsApp-Image-2024-12-11-at-20.02.24-300x225.jpeg 300w, https:\/\/agora.xtec.cat\/ceipvistaalegre\/wp-content\/uploads\/usu1936\/2024\/12\/WhatsApp-Image-2024-12-11-at-20.02.24-768x576.jpeg 768w, https:\/\/agora.xtec.cat\/ceipvistaalegre\/wp-content\/uploads\/usu1936\/2024\/12\/WhatsApp-Image-2024-12-11-at-20.02.24-1536x1152.jpeg 1536w, https:\/\/agora.xtec.cat\/ceipvistaalegre\/wp-content\/uploads\/usu1936\/2024\/12\/WhatsApp-Image-2024-12-11-at-20.02.24-200x150.jpeg 200w, https:\/\/agora.xtec.cat\/ceipvistaalegre\/wp-content\/uploads\/usu1936\/2024\/12\/WhatsApp-Image-2024-12-11-at-20.02.24.jpeg 2048w\" sizes=\"auto, (max-width: 351px) 100vw, 351px\" \/><\/p>\n<p><a href=\"https:\/\/agora.xtec.cat\/ceipvistaalegre\/wp-content\/uploads\/usu1936\/2024\/12\/WhatsApp-Image-2024-12-11-at-20.02.57.jpeg\"><img loading=\"lazy\" decoding=\"async\" class=\"alignnone  wp-image-10722\" src=\"https:\/\/agora.xtec.cat\/ceipvistaalegre\/wp-content\/uploads\/usu1936\/2024\/12\/WhatsApp-Image-2024-12-11-at-20.02.57-1024x768.jpeg\" alt=\"\" width=\"350\" height=\"263\" srcset=\"https:\/\/agora.xtec.cat\/ceipvistaalegre\/wp-content\/uploads\/usu1936\/2024\/12\/WhatsApp-Image-2024-12-11-at-20.02.57-1024x768.jpeg 1024w, https:\/\/agora.xtec.cat\/ceipvistaalegre\/wp-content\/uploads\/usu1936\/2024\/12\/WhatsApp-Image-2024-12-11-at-20.02.57-300x225.jpeg 300w, https:\/\/agora.xtec.cat\/ceipvistaalegre\/wp-content\/uploads\/usu1936\/2024\/12\/WhatsApp-Image-2024-12-11-at-20.02.57-768x576.jpeg 768w, https:\/\/agora.xtec.cat\/ceipvistaalegre\/wp-content\/uploads\/usu1936\/2024\/12\/WhatsApp-Image-2024-12-11-at-20.02.57-1536x1152.jpeg 1536w, https:\/\/agora.xtec.cat\/ceipvistaalegre\/wp-content\/uploads\/usu1936\/2024\/12\/WhatsApp-Image-2024-12-11-at-20.02.57-200x150.jpeg 200w, https:\/\/agora.xtec.cat\/ceipvistaalegre\/wp-content\/uploads\/usu1936\/2024\/12\/WhatsApp-Image-2024-12-11-at-20.02.57.jpeg 2048w\" sizes=\"auto, (max-width: 350px) 100vw, 350px\" \/><\/a><\/p>\n","protected":false},"excerpt":{"rendered":"<p>Al llarg d&#8217;aquest trimestre s&#8217;ha treballat el projecte del nom de la nostra classe. El drac de les Santes, \u00e9s un dels elements m\u00e9s emblem\u00e0tics de la celebraci\u00f3 de la festa.<br \/>\nEls nens i nenes de cinqu\u00e8, han fet grups de treball per a realitzar recerca&hellip;  <a href=\"https:\/\/agora.xtec.cat\/ceipvistaalegre\/primaria\/5e\/exposicio-projecte-el-drac-de-les-santes\/\" title=\"Read Exposici\u00f3 projecte &#8220;EL DRAC DE LES SANTES&#8221;\">Llegeix m\u00e9s\u00bb<\/a><\/p>\n","protected":false},"author":18,"featured_media":0,"comment_status":"open","ping_status":"closed","sticky":false,"template":"","format":"standard","meta":{"_bbp_topic_count":0,"_bbp_reply_count":0,"_bbp_total_topic_count":0,"_bbp_total_reply_count":0,"_bbp_voice_count":0,"_bbp_anonymous_reply_count":0,"_bbp_topic_count_hidden":0,"_bbp_reply_count_hidden":0,"_bbp_forum_subforum_count":0,"footnotes":""},"categories":[14],"tags":[],"class_list":["post-10720","post","type-post","status-publish","format-standard","hentry","category-5e"],"post_mailing_queue_ids":[],"_links":{"self":[{"href":"https:\/\/agora.xtec.cat\/ceipvistaalegre\/wp-json\/wp\/v2\/posts\/10720","targetHints":{"allow":["GET"]}}],"collection":[{"href":"https:\/\/agora.xtec.cat\/ceipvistaalegre\/wp-json\/wp\/v2\/posts"}],"about":[{"href":"https:\/\/agora.xtec.cat\/ceipvistaalegre\/wp-json\/wp\/v2\/types\/post"}],"author":[{"embeddable":true,"href":"https:\/\/agora.xtec.cat\/ceipvistaalegre\/wp-json\/wp\/v2\/users\/18"}],"replies":[{"embeddable":true,"href":"https:\/\/agora.xtec.cat\/ceipvistaalegre\/wp-json\/wp\/v2\/comments?post=10720"}],"version-history":[{"count":1,"href":"https:\/\/agora.xtec.cat\/ceipvistaalegre\/wp-json\/wp\/v2\/posts\/10720\/revisions"}],"predecessor-version":[{"id":10723,"href":"https:\/\/agora.xtec.cat\/ceipvistaalegre\/wp-json\/wp\/v2\/posts\/10720\/revisions\/10723"}],"wp:attachment":[{"href":"https:\/\/agora.xtec.cat\/ceipvistaalegre\/wp-json\/wp\/v2\/media?parent=10720"}],"wp:term":[{"taxonomy":"category","embeddable":true,"href":"https:\/\/agora.xtec.cat\/ceipvistaalegre\/wp-json\/wp\/v2\/categories?post=10720"},{"taxonomy":"post_tag","embeddable":true,"href":"https:\/\/agora.xtec.cat\/ceipvistaalegre\/wp-json\/wp\/v2\/tags?post=10720"}],"curies":[{"name":"wp","href":"https:\/\/api.w.org\/{rel}","templated":true}]}}