{"id":10682,"date":"2024-11-30T17:26:41","date_gmt":"2024-11-30T16:26:41","guid":{"rendered":"https:\/\/agora.xtec.cat\/ceipvistaalegre\/?p=10682"},"modified":"2024-11-30T17:26:41","modified_gmt":"2024-11-30T16:26:41","slug":"angles-a-i5","status":"publish","type":"post","link":"https:\/\/agora.xtec.cat\/ceipvistaalegre\/infantil\/infantil-5-anys\/angles-a-i5\/","title":{"rendered":"Angl\u00e8s a I5"},"content":{"rendered":"<p>\u00c9s el segon curs que els nens i nenes de I5 fan angl\u00e8s a la nostra escola. Continuem amb la metodologia de I4: desdoblament del grup, activitats de Resposta F\u00edsica Total per tal d&#8217;assegurar la comprensi\u00f3 oral de manera l\u00fadica, can\u00e7ons, visualitzaci\u00f3 de contes utilitzant els panells digitals com a recurs&#8230; A m\u00e9s, ja comencem a treballar la llengua escrita a partir de la memoritzaci\u00f3 de les paraules del vocabulari treballat.<\/p>\n<p>Actualment estem aprenent les parts del cos. A trav\u00e9s d&#8217;aquestes fotografies podeu veure un petit exemple de com aprenen els vostres fills\/es.<\/p>\n<p><a href=\"https:\/\/agora.xtec.cat\/ceipvistaalegre\/wp-content\/uploads\/usu1936\/2024\/11\/IMG_20241128_151537_1-1-1-1-scaled.jpg\"><img loading=\"lazy\" decoding=\"async\" class=\"wp-image-10695 alignright\" src=\"https:\/\/agora.xtec.cat\/ceipvistaalegre\/wp-content\/uploads\/usu1936\/2024\/11\/IMG_20241128_151537_1-1-1-1-1024x768.jpg\" alt=\"\" width=\"231\" height=\"174\" srcset=\"https:\/\/agora.xtec.cat\/ceipvistaalegre\/wp-content\/uploads\/usu1936\/2024\/11\/IMG_20241128_151537_1-1-1-1-1024x768.jpg 1024w, https:\/\/agora.xtec.cat\/ceipvistaalegre\/wp-content\/uploads\/usu1936\/2024\/11\/IMG_20241128_151537_1-1-1-1-300x225.jpg 300w, https:\/\/agora.xtec.cat\/ceipvistaalegre\/wp-content\/uploads\/usu1936\/2024\/11\/IMG_20241128_151537_1-1-1-1-768x576.jpg 768w, https:\/\/agora.xtec.cat\/ceipvistaalegre\/wp-content\/uploads\/usu1936\/2024\/11\/IMG_20241128_151537_1-1-1-1-1536x1152.jpg 1536w, https:\/\/agora.xtec.cat\/ceipvistaalegre\/wp-content\/uploads\/usu1936\/2024\/11\/IMG_20241128_151537_1-1-1-1-2048x1536.jpg 2048w, https:\/\/agora.xtec.cat\/ceipvistaalegre\/wp-content\/uploads\/usu1936\/2024\/11\/IMG_20241128_151537_1-1-1-1-200x150.jpg 200w\" sizes=\"auto, (max-width: 231px) 100vw, 231px\" \/><\/a><a href=\"https:\/\/agora.xtec.cat\/ceipvistaalegre\/wp-content\/uploads\/usu1936\/2024\/11\/IMG_20241128_152232-2-2-scaled.jpg\"><img loading=\"lazy\" decoding=\"async\" class=\"wp-image-10691 alignleft\" src=\"https:\/\/agora.xtec.cat\/ceipvistaalegre\/wp-content\/uploads\/usu1936\/2024\/11\/IMG_20241128_152232-2-2-1024x768.jpg\" alt=\"\" width=\"200\" height=\"150\" srcset=\"https:\/\/agora.xtec.cat\/ceipvistaalegre\/wp-content\/uploads\/usu1936\/2024\/11\/IMG_20241128_152232-2-2-1024x768.jpg 1024w, https:\/\/agora.xtec.cat\/ceipvistaalegre\/wp-content\/uploads\/usu1936\/2024\/11\/IMG_20241128_152232-2-2-300x225.jpg 300w, https:\/\/agora.xtec.cat\/ceipvistaalegre\/wp-content\/uploads\/usu1936\/2024\/11\/IMG_20241128_152232-2-2-768x576.jpg 768w, https:\/\/agora.xtec.cat\/ceipvistaalegre\/wp-content\/uploads\/usu1936\/2024\/11\/IMG_20241128_152232-2-2-1536x1152.jpg 1536w, https:\/\/agora.xtec.cat\/ceipvistaalegre\/wp-content\/uploads\/usu1936\/2024\/11\/IMG_20241128_152232-2-2-2048x1536.jpg 2048w, https:\/\/agora.xtec.cat\/ceipvistaalegre\/wp-content\/uploads\/usu1936\/2024\/11\/IMG_20241128_152232-2-2-200x150.jpg 200w\" sizes=\"auto, (max-width: 200px) 100vw, 200px\" \/><\/a><a href=\"https:\/\/agora.xtec.cat\/ceipvistaalegre\/wp-content\/uploads\/usu1936\/2024\/11\/IMG_20241128_151855_1-1-2-scaled.jpg\"><img loading=\"lazy\" decoding=\"async\" class=\"wp-image-10693 aligncenter\" src=\"https:\/\/agora.xtec.cat\/ceipvistaalegre\/wp-content\/uploads\/usu1936\/2024\/11\/IMG_20241128_151855_1-1-2-1024x768.jpg\" alt=\"\" width=\"230\" height=\"172\" srcset=\"https:\/\/agora.xtec.cat\/ceipvistaalegre\/wp-content\/uploads\/usu1936\/2024\/11\/IMG_20241128_151855_1-1-2-1024x768.jpg 1024w, https:\/\/agora.xtec.cat\/ceipvistaalegre\/wp-content\/uploads\/usu1936\/2024\/11\/IMG_20241128_151855_1-1-2-300x225.jpg 300w, https:\/\/agora.xtec.cat\/ceipvistaalegre\/wp-content\/uploads\/usu1936\/2024\/11\/IMG_20241128_151855_1-1-2-768x576.jpg 768w, https:\/\/agora.xtec.cat\/ceipvistaalegre\/wp-content\/uploads\/usu1936\/2024\/11\/IMG_20241128_151855_1-1-2-1536x1152.jpg 1536w, https:\/\/agora.xtec.cat\/ceipvistaalegre\/wp-content\/uploads\/usu1936\/2024\/11\/IMG_20241128_151855_1-1-2-2048x1536.jpg 2048w, https:\/\/agora.xtec.cat\/ceipvistaalegre\/wp-content\/uploads\/usu1936\/2024\/11\/IMG_20241128_151855_1-1-2-200x150.jpg 200w\" sizes=\"auto, (max-width: 230px) 100vw, 230px\" \/><\/a><\/p>\n","protected":false},"excerpt":{"rendered":"<p>\u00c9s el segon curs que els nens i nenes de I5 fan angl\u00e8s a la nostra escola. Continuem amb la metodologia de I4: desdoblament del grup, activitats de Resposta F\u00edsica Total per tal d&#8217;assegurar la comprensi\u00f3 oral de manera l\u00fadica, can\u00e7ons, visualitzaci\u00f3 de contes utilitzant&hellip;  <a href=\"https:\/\/agora.xtec.cat\/ceipvistaalegre\/infantil\/infantil-5-anys\/angles-a-i5\/\" title=\"Read Angl\u00e8s a I5\">Llegeix m\u00e9s\u00bb<\/a><\/p>\n","protected":false},"author":3,"featured_media":0,"comment_status":"open","ping_status":"closed","sticky":false,"template":"","format":"standard","meta":{"_bbp_topic_count":0,"_bbp_reply_count":0,"_bbp_total_topic_count":0,"_bbp_total_reply_count":0,"_bbp_voice_count":0,"_bbp_anonymous_reply_count":0,"_bbp_topic_count_hidden":0,"_bbp_reply_count_hidden":0,"_bbp_forum_subforum_count":0,"footnotes":""},"categories":[225],"tags":[339],"class_list":["post-10682","post","type-post","status-publish","format-standard","hentry","category-infantil-5-anys","tag-angles-a-i5"],"post_mailing_queue_ids":[],"_links":{"self":[{"href":"https:\/\/agora.xtec.cat\/ceipvistaalegre\/wp-json\/wp\/v2\/posts\/10682","targetHints":{"allow":["GET"]}}],"collection":[{"href":"https:\/\/agora.xtec.cat\/ceipvistaalegre\/wp-json\/wp\/v2\/posts"}],"about":[{"href":"https:\/\/agora.xtec.cat\/ceipvistaalegre\/wp-json\/wp\/v2\/types\/post"}],"author":[{"embeddable":true,"href":"https:\/\/agora.xtec.cat\/ceipvistaalegre\/wp-json\/wp\/v2\/users\/3"}],"replies":[{"embeddable":true,"href":"https:\/\/agora.xtec.cat\/ceipvistaalegre\/wp-json\/wp\/v2\/comments?post=10682"}],"version-history":[{"count":6,"href":"https:\/\/agora.xtec.cat\/ceipvistaalegre\/wp-json\/wp\/v2\/posts\/10682\/revisions"}],"predecessor-version":[{"id":10703,"href":"https:\/\/agora.xtec.cat\/ceipvistaalegre\/wp-json\/wp\/v2\/posts\/10682\/revisions\/10703"}],"wp:attachment":[{"href":"https:\/\/agora.xtec.cat\/ceipvistaalegre\/wp-json\/wp\/v2\/media?parent=10682"}],"wp:term":[{"taxonomy":"category","embeddable":true,"href":"https:\/\/agora.xtec.cat\/ceipvistaalegre\/wp-json\/wp\/v2\/categories?post=10682"},{"taxonomy":"post_tag","embeddable":true,"href":"https:\/\/agora.xtec.cat\/ceipvistaalegre\/wp-json\/wp\/v2\/tags?post=10682"}],"curies":[{"name":"wp","href":"https:\/\/api.w.org\/{rel}","templated":true}]}}