{"id":10581,"date":"2024-11-18T21:02:28","date_gmt":"2024-11-18T20:02:28","guid":{"rendered":"https:\/\/agora.xtec.cat\/ceipvistaalegre\/?p=10581"},"modified":"2024-11-18T21:02:29","modified_gmt":"2024-11-18T20:02:29","slug":"comptem-i-comptem","status":"publish","type":"post","link":"https:\/\/agora.xtec.cat\/ceipvistaalegre\/infantil\/infantil-4-anys\/comptem-i-comptem\/","title":{"rendered":"Comptem i comptem."},"content":{"rendered":"<p><a href=\"https:\/\/agora.xtec.cat\/ceipvistaalegre\/infantil\/infantil-4-anys\/comptem-i-comptem\/attachment\/photo-output-9-1-3\/\" rel=\"attachment wp-att-10582\"><img loading=\"lazy\" decoding=\"async\" class=\"aligncenter size-full wp-image-10582\" src=\"https:\/\/agora.xtec.cat\/ceipvistaalegre\/wp-content\/uploads\/usu1936\/2024\/11\/photo-output-9-1-scaled.jpg\" alt=\"\" width=\"2560\" height=\"2560\" srcset=\"https:\/\/agora.xtec.cat\/ceipvistaalegre\/wp-content\/uploads\/usu1936\/2024\/11\/photo-output-9-1-scaled.jpg 2560w, https:\/\/agora.xtec.cat\/ceipvistaalegre\/wp-content\/uploads\/usu1936\/2024\/11\/photo-output-9-1-300x300.jpg 300w, https:\/\/agora.xtec.cat\/ceipvistaalegre\/wp-content\/uploads\/usu1936\/2024\/11\/photo-output-9-1-1024x1024.jpg 1024w, https:\/\/agora.xtec.cat\/ceipvistaalegre\/wp-content\/uploads\/usu1936\/2024\/11\/photo-output-9-1-150x150.jpg 150w, https:\/\/agora.xtec.cat\/ceipvistaalegre\/wp-content\/uploads\/usu1936\/2024\/11\/photo-output-9-1-768x768.jpg 768w, https:\/\/agora.xtec.cat\/ceipvistaalegre\/wp-content\/uploads\/usu1936\/2024\/11\/photo-output-9-1-1536x1536.jpg 1536w, https:\/\/agora.xtec.cat\/ceipvistaalegre\/wp-content\/uploads\/usu1936\/2024\/11\/photo-output-9-1-2048x2048.jpg 2048w\" sizes=\"auto, (max-width: 2560px) 100vw, 2560px\" \/><\/a><\/p>\n<p>Al llarg d&#8217;aquestes setmanes hem introdu\u00eft la recta num\u00e8rica i la seva ordenaci\u00f3 ascendent. Quan fem numeraci\u00f3 associem la quantitat amb la grafia, fem comptatge un a un, afegim i traiem, ordenem de petit a gran&#8230; Aquest cop hem fet servir els &#8220;Multicubs&#8221;, un material molt vers\u00e0til que ens permet representar molt visualment com les quantitats van creixent en afegir uns cubs.<\/p>\n","protected":false},"excerpt":{"rendered":"<p><a href=\"https:\/\/agora.xtec.cat\/ceipvistaalegre\/infantil\/infantil-4-anys\/comptem-i-comptem\/attachment\/photo-output-9-1-3\/\" rel=\"attachment wp-att-10582\"><\/a><br \/>\nAl llarg d&#8217;aquestes setmanes hem introdu\u00eft la recta num\u00e8rica i la seva ordenaci\u00f3 ascendent. Quan fem numeraci\u00f3 associem la quantitat amb la grafia, fem comptatge un a un, afegim i traiem, ordenem de petit a gran&#8230; Aquest cop hem fet servir els&hellip;  <a href=\"https:\/\/agora.xtec.cat\/ceipvistaalegre\/infantil\/infantil-4-anys\/comptem-i-comptem\/\" title=\"Read Comptem i comptem.\">Llegeix m\u00e9s\u00bb<\/a><\/p>\n","protected":false},"author":4,"featured_media":0,"comment_status":"open","ping_status":"closed","sticky":false,"template":"","format":"standard","meta":{"_bbp_topic_count":0,"_bbp_reply_count":0,"_bbp_total_topic_count":0,"_bbp_total_reply_count":0,"_bbp_voice_count":0,"_bbp_anonymous_reply_count":0,"_bbp_topic_count_hidden":0,"_bbp_reply_count_hidden":0,"_bbp_forum_subforum_count":0,"footnotes":""},"categories":[8],"tags":[330,153],"class_list":["post-10581","post","type-post","status-publish","format-standard","hentry","category-infantil-4-anys","tag-llenguatge-matematic","tag-numeracio"],"post_mailing_queue_ids":[],"_links":{"self":[{"href":"https:\/\/agora.xtec.cat\/ceipvistaalegre\/wp-json\/wp\/v2\/posts\/10581","targetHints":{"allow":["GET"]}}],"collection":[{"href":"https:\/\/agora.xtec.cat\/ceipvistaalegre\/wp-json\/wp\/v2\/posts"}],"about":[{"href":"https:\/\/agora.xtec.cat\/ceipvistaalegre\/wp-json\/wp\/v2\/types\/post"}],"author":[{"embeddable":true,"href":"https:\/\/agora.xtec.cat\/ceipvistaalegre\/wp-json\/wp\/v2\/users\/4"}],"replies":[{"embeddable":true,"href":"https:\/\/agora.xtec.cat\/ceipvistaalegre\/wp-json\/wp\/v2\/comments?post=10581"}],"version-history":[{"count":6,"href":"https:\/\/agora.xtec.cat\/ceipvistaalegre\/wp-json\/wp\/v2\/posts\/10581\/revisions"}],"predecessor-version":[{"id":10588,"href":"https:\/\/agora.xtec.cat\/ceipvistaalegre\/wp-json\/wp\/v2\/posts\/10581\/revisions\/10588"}],"wp:attachment":[{"href":"https:\/\/agora.xtec.cat\/ceipvistaalegre\/wp-json\/wp\/v2\/media?parent=10581"}],"wp:term":[{"taxonomy":"category","embeddable":true,"href":"https:\/\/agora.xtec.cat\/ceipvistaalegre\/wp-json\/wp\/v2\/categories?post=10581"},{"taxonomy":"post_tag","embeddable":true,"href":"https:\/\/agora.xtec.cat\/ceipvistaalegre\/wp-json\/wp\/v2\/tags?post=10581"}],"curies":[{"name":"wp","href":"https:\/\/api.w.org\/{rel}","templated":true}]}}