{"id":10573,"date":"2024-11-18T20:39:25","date_gmt":"2024-11-18T19:39:25","guid":{"rendered":"https:\/\/agora.xtec.cat\/ceipvistaalegre\/?p=10573"},"modified":"2024-11-18T20:39:25","modified_gmt":"2024-11-18T19:39:25","slug":"la-carbassa","status":"publish","type":"post","link":"https:\/\/agora.xtec.cat\/ceipvistaalegre\/infantil\/infantil-4-anys\/la-carbassa\/","title":{"rendered":"La carbassa."},"content":{"rendered":"<p><a href=\"https:\/\/agora.xtec.cat\/ceipvistaalegre\/infantil\/infantil-4-anys\/la-carbassa\/attachment\/photo-output-7\/\" rel=\"attachment wp-att-10575\"><img loading=\"lazy\" decoding=\"async\" class=\"aligncenter size-full wp-image-10575\" src=\"https:\/\/agora.xtec.cat\/ceipvistaalegre\/wp-content\/uploads\/usu1936\/2024\/11\/photo-output-7-scaled.jpg\" alt=\"\" width=\"2560\" height=\"2560\" srcset=\"https:\/\/agora.xtec.cat\/ceipvistaalegre\/wp-content\/uploads\/usu1936\/2024\/11\/photo-output-7-scaled.jpg 2560w, https:\/\/agora.xtec.cat\/ceipvistaalegre\/wp-content\/uploads\/usu1936\/2024\/11\/photo-output-7-300x300.jpg 300w, https:\/\/agora.xtec.cat\/ceipvistaalegre\/wp-content\/uploads\/usu1936\/2024\/11\/photo-output-7-1024x1024.jpg 1024w, https:\/\/agora.xtec.cat\/ceipvistaalegre\/wp-content\/uploads\/usu1936\/2024\/11\/photo-output-7-150x150.jpg 150w, https:\/\/agora.xtec.cat\/ceipvistaalegre\/wp-content\/uploads\/usu1936\/2024\/11\/photo-output-7-768x768.jpg 768w, https:\/\/agora.xtec.cat\/ceipvistaalegre\/wp-content\/uploads\/usu1936\/2024\/11\/photo-output-7-1536x1536.jpg 1536w, https:\/\/agora.xtec.cat\/ceipvistaalegre\/wp-content\/uploads\/usu1936\/2024\/11\/photo-output-7-2048x2048.jpg 2048w\" sizes=\"auto, (max-width: 2560px) 100vw, 2560px\" \/><\/a> <a href=\"https:\/\/agora.xtec.cat\/ceipvistaalegre\/infantil\/infantil-4-anys\/la-carbassa\/attachment\/photo-output-8\/\" rel=\"attachment wp-att-10576\"><img loading=\"lazy\" decoding=\"async\" class=\"aligncenter size-full wp-image-10576\" src=\"https:\/\/agora.xtec.cat\/ceipvistaalegre\/wp-content\/uploads\/usu1936\/2024\/11\/photo-output-8-scaled.jpg\" alt=\"\" width=\"2560\" height=\"2560\" srcset=\"https:\/\/agora.xtec.cat\/ceipvistaalegre\/wp-content\/uploads\/usu1936\/2024\/11\/photo-output-8-scaled.jpg 2560w, https:\/\/agora.xtec.cat\/ceipvistaalegre\/wp-content\/uploads\/usu1936\/2024\/11\/photo-output-8-300x300.jpg 300w, https:\/\/agora.xtec.cat\/ceipvistaalegre\/wp-content\/uploads\/usu1936\/2024\/11\/photo-output-8-1024x1024.jpg 1024w, https:\/\/agora.xtec.cat\/ceipvistaalegre\/wp-content\/uploads\/usu1936\/2024\/11\/photo-output-8-150x150.jpg 150w, https:\/\/agora.xtec.cat\/ceipvistaalegre\/wp-content\/uploads\/usu1936\/2024\/11\/photo-output-8-768x768.jpg 768w, https:\/\/agora.xtec.cat\/ceipvistaalegre\/wp-content\/uploads\/usu1936\/2024\/11\/photo-output-8-1536x1536.jpg 1536w, https:\/\/agora.xtec.cat\/ceipvistaalegre\/wp-content\/uploads\/usu1936\/2024\/11\/photo-output-8-2048x2048.jpg 2048w\" sizes=\"auto, (max-width: 2560px) 100vw, 2560px\" \/><\/a><\/p>\n<p>Despr\u00e9s de gaudir de l&#8217;explicaci\u00f3 i representaci\u00f3 del conte &#8220;<em>Sopa de carbassa&#8221; de la Helen<\/em> Cooper la classe d&#8217;I4 s&#8217;ha omplert de tota mena de carbasses. Aix\u00f2 ens ha perm\u00e8s observar-les per fora: el color, la textura, la forma, la pell, la tija&#8230; L&#8217;hem pesada amb una balan\u00e7a i hem parlat de qu\u00e8 s\u00f3n els quilograms. Despr\u00e9s hem mirat l&#8217;al\u00e7ada i l&#8217;amplada fent servir una unitat de mesura arbitr\u00e0ria com els multicubs.<\/p>\n<p>M\u00e9s tard l&#8217;hem obert, veient el taronja intens de la seva carn, l&#8217;olor que despr\u00e8n i les llavors que hi t\u00e9 dins. Primer ho hem fet a cop d&#8217;ull i a continuaci\u00f3 amb la lupa digital. Hem quedat sorpresos de la nitidesa i els detalls que hem vist. Les llavors les hem retirat per poder-les germinar.<\/p>\n<p>Despr\u00e9s hem confegit la paraula carbassa, hem sentit els sons dels seus fonemes i n&#8217;hem estampat les lletres a sobre de plastilina.<\/p>\n<p>Finalment, hem fet diversos treballs pl\u00e0stics al voltant de la carbassa: grafisme creatiu, estampaci\u00f3, elaboraci\u00f3 de carbasses amb llana, dibuix del natural, mandales, cosir carbasses &#8230;<\/p>\n<p>&nbsp;<\/p>\n","protected":false},"excerpt":{"rendered":"<p><a href=\"https:\/\/agora.xtec.cat\/ceipvistaalegre\/infantil\/infantil-4-anys\/la-carbassa\/attachment\/photo-output-7\/\" rel=\"attachment wp-att-10575\"><\/a> <a href=\"https:\/\/agora.xtec.cat\/ceipvistaalegre\/infantil\/infantil-4-anys\/la-carbassa\/attachment\/photo-output-8\/\" rel=\"attachment wp-att-10576\"><\/a><br \/>\nDespr\u00e9s de gaudir de l&#8217;explicaci\u00f3 i representaci\u00f3 del conte &#8220;Sopa de carbassa&#8221; de la Helen Cooper la classe d&#8217;I4 s&#8217;ha omplert de tota mena de carbasses. Aix\u00f2 ens ha perm\u00e8s observar-les per fora: el color, la textura, la&hellip;  <a href=\"https:\/\/agora.xtec.cat\/ceipvistaalegre\/infantil\/infantil-4-anys\/la-carbassa\/\" title=\"Read La carbassa.\">Llegeix m\u00e9s\u00bb<\/a><\/p>\n","protected":false},"author":4,"featured_media":0,"comment_status":"open","ping_status":"closed","sticky":false,"template":"","format":"standard","meta":{"_bbp_topic_count":0,"_bbp_reply_count":0,"_bbp_total_topic_count":0,"_bbp_total_reply_count":0,"_bbp_voice_count":0,"_bbp_anonymous_reply_count":0,"_bbp_topic_count_hidden":0,"_bbp_reply_count_hidden":0,"_bbp_forum_subforum_count":0,"footnotes":""},"categories":[8],"tags":[120,331,272,336,200,153,93],"class_list":["post-10573","post","type-post","status-publish","format-standard","hentry","category-infantil-4-anys","tag-ciencies-3-6","tag-escriptura","tag-experimentacio","tag-literatura-infantil","tag-mesura","tag-numeracio","tag-tardor"],"post_mailing_queue_ids":[],"_links":{"self":[{"href":"https:\/\/agora.xtec.cat\/ceipvistaalegre\/wp-json\/wp\/v2\/posts\/10573","targetHints":{"allow":["GET"]}}],"collection":[{"href":"https:\/\/agora.xtec.cat\/ceipvistaalegre\/wp-json\/wp\/v2\/posts"}],"about":[{"href":"https:\/\/agora.xtec.cat\/ceipvistaalegre\/wp-json\/wp\/v2\/types\/post"}],"author":[{"embeddable":true,"href":"https:\/\/agora.xtec.cat\/ceipvistaalegre\/wp-json\/wp\/v2\/users\/4"}],"replies":[{"embeddable":true,"href":"https:\/\/agora.xtec.cat\/ceipvistaalegre\/wp-json\/wp\/v2\/comments?post=10573"}],"version-history":[{"count":4,"href":"https:\/\/agora.xtec.cat\/ceipvistaalegre\/wp-json\/wp\/v2\/posts\/10573\/revisions"}],"predecessor-version":[{"id":10579,"href":"https:\/\/agora.xtec.cat\/ceipvistaalegre\/wp-json\/wp\/v2\/posts\/10573\/revisions\/10579"}],"wp:attachment":[{"href":"https:\/\/agora.xtec.cat\/ceipvistaalegre\/wp-json\/wp\/v2\/media?parent=10573"}],"wp:term":[{"taxonomy":"category","embeddable":true,"href":"https:\/\/agora.xtec.cat\/ceipvistaalegre\/wp-json\/wp\/v2\/categories?post=10573"},{"taxonomy":"post_tag","embeddable":true,"href":"https:\/\/agora.xtec.cat\/ceipvistaalegre\/wp-json\/wp\/v2\/tags?post=10573"}],"curies":[{"name":"wp","href":"https:\/\/api.w.org\/{rel}","templated":true}]}}