{"id":10547,"date":"2024-11-12T07:23:57","date_gmt":"2024-11-12T06:23:57","guid":{"rendered":"https:\/\/agora.xtec.cat\/ceipvistaalegre\/?p=10547"},"modified":"2024-11-12T07:23:57","modified_gmt":"2024-11-12T06:23:57","slug":"dissenyem-un-logo-per-la-cooperativa","status":"publish","type":"post","link":"https:\/\/agora.xtec.cat\/ceipvistaalegre\/primaria\/5e\/dissenyem-un-logo-per-la-cooperativa\/","title":{"rendered":"Dissenyem un logo per la cooperativa!"},"content":{"rendered":"<p>Des de fa 3 cursos, l&#8217;alumnat de 5\u00e8 forma part del projecte CUEME (Cultura Emprenedora a l&#8217;Escola). Consisteix en crear una cooperativa des de 0: han de decidir un nom, dissenyar un logo, crear una junta, acordar els productes que volen vendre&#8230; Aquest \u00e9s un projecte molt global que permet als alumnes fomentar les compet\u00e8ncies b\u00e0siques.<\/p>\n<p><strong>DRAC SOLIDARI<\/strong> \u00e9s el nom de la cooperativa que han triat aquest curs els nens i nenes de 5\u00e8. Ara mateix, es troben en ple proc\u00e9s de disseny del logo, que ser\u00e0 el dibuix\/imatge que els representar\u00e0.<\/p>\n<p>Per parelles, i amb la web de disseny gr\u00e0fic CANVA, han comen\u00e7at a buscar elements, combinar colors, formes, lletres&#8230; Un cop estiguin acabats, els presentaran a la resta de companys i per votacions, la cooperativa decidir\u00e0 quin \u00e9s el que m\u00e9s els agrada.<\/p>\n<p><a href=\"https:\/\/agora.xtec.cat\/ceipvistaalegre\/wp-content\/uploads\/usu1936\/2024\/11\/5e.png\"><img loading=\"lazy\" decoding=\"async\" class=\" wp-image-10548 aligncenter\" src=\"https:\/\/agora.xtec.cat\/ceipvistaalegre\/wp-content\/uploads\/usu1936\/2024\/11\/5e-682x1024.png\" alt=\"\" width=\"483\" height=\"725\" srcset=\"https:\/\/agora.xtec.cat\/ceipvistaalegre\/wp-content\/uploads\/usu1936\/2024\/11\/5e-682x1024.png 682w, https:\/\/agora.xtec.cat\/ceipvistaalegre\/wp-content\/uploads\/usu1936\/2024\/11\/5e-200x300.png 200w, https:\/\/agora.xtec.cat\/ceipvistaalegre\/wp-content\/uploads\/usu1936\/2024\/11\/5e-768x1152.png 768w, https:\/\/agora.xtec.cat\/ceipvistaalegre\/wp-content\/uploads\/usu1936\/2024\/11\/5e-1024x1536.png 1024w, https:\/\/agora.xtec.cat\/ceipvistaalegre\/wp-content\/uploads\/usu1936\/2024\/11\/5e.png 1333w\" sizes=\"auto, (max-width: 483px) 100vw, 483px\" \/><\/a><\/p>\n<p>&nbsp;<\/p>\n","protected":false},"excerpt":{"rendered":"<p>Des de fa 3 cursos, l&#8217;alumnat de 5\u00e8 forma part del projecte CUEME (Cultura Emprenedora a l&#8217;Escola). Consisteix en crear una cooperativa des de 0: han de decidir un nom, dissenyar un logo, crear una junta, acordar els productes que volen vendre&#8230; Aquest \u00e9s un&hellip;  <a href=\"https:\/\/agora.xtec.cat\/ceipvistaalegre\/primaria\/5e\/dissenyem-un-logo-per-la-cooperativa\/\" title=\"Read Dissenyem un logo per la cooperativa!\">Llegeix m\u00e9s\u00bb<\/a><\/p>\n","protected":false},"author":3,"featured_media":0,"comment_status":"open","ping_status":"closed","sticky":false,"template":"","format":"standard","meta":{"_bbp_topic_count":0,"_bbp_reply_count":0,"_bbp_total_topic_count":0,"_bbp_total_reply_count":0,"_bbp_voice_count":0,"_bbp_anonymous_reply_count":0,"_bbp_topic_count_hidden":0,"_bbp_reply_count_hidden":0,"_bbp_forum_subforum_count":0,"footnotes":""},"categories":[14],"tags":[],"class_list":["post-10547","post","type-post","status-publish","format-standard","hentry","category-5e"],"post_mailing_queue_ids":[],"_links":{"self":[{"href":"https:\/\/agora.xtec.cat\/ceipvistaalegre\/wp-json\/wp\/v2\/posts\/10547","targetHints":{"allow":["GET"]}}],"collection":[{"href":"https:\/\/agora.xtec.cat\/ceipvistaalegre\/wp-json\/wp\/v2\/posts"}],"about":[{"href":"https:\/\/agora.xtec.cat\/ceipvistaalegre\/wp-json\/wp\/v2\/types\/post"}],"author":[{"embeddable":true,"href":"https:\/\/agora.xtec.cat\/ceipvistaalegre\/wp-json\/wp\/v2\/users\/3"}],"replies":[{"embeddable":true,"href":"https:\/\/agora.xtec.cat\/ceipvistaalegre\/wp-json\/wp\/v2\/comments?post=10547"}],"version-history":[{"count":1,"href":"https:\/\/agora.xtec.cat\/ceipvistaalegre\/wp-json\/wp\/v2\/posts\/10547\/revisions"}],"predecessor-version":[{"id":10549,"href":"https:\/\/agora.xtec.cat\/ceipvistaalegre\/wp-json\/wp\/v2\/posts\/10547\/revisions\/10549"}],"wp:attachment":[{"href":"https:\/\/agora.xtec.cat\/ceipvistaalegre\/wp-json\/wp\/v2\/media?parent=10547"}],"wp:term":[{"taxonomy":"category","embeddable":true,"href":"https:\/\/agora.xtec.cat\/ceipvistaalegre\/wp-json\/wp\/v2\/categories?post=10547"},{"taxonomy":"post_tag","embeddable":true,"href":"https:\/\/agora.xtec.cat\/ceipvistaalegre\/wp-json\/wp\/v2\/tags?post=10547"}],"curies":[{"name":"wp","href":"https:\/\/api.w.org\/{rel}","templated":true}]}}