{"id":10540,"date":"2024-11-11T20:35:03","date_gmt":"2024-11-11T19:35:03","guid":{"rendered":"https:\/\/agora.xtec.cat\/ceipvistaalegre\/?p=10540"},"modified":"2024-11-11T20:35:03","modified_gmt":"2024-11-11T19:35:03","slug":"taller-de-kapla","status":"publish","type":"post","link":"https:\/\/agora.xtec.cat\/ceipvistaalegre\/primaria\/la-classe-dels-pirates\/taller-de-kapla\/","title":{"rendered":"Taller de KAPLA"},"content":{"rendered":"<p>Aquesta setmana els nens i nenes de 3r hem fet un taller de <i>KAPLA<\/i> a l\u2019escola, on hem pogut construir, mitjan\u00e7ant el treball en equip, un elefant i una girafa gaireb\u00e9 alta com el sostre.<\/p>\n<p><i>Kapla<\/i> \u00e9s un joc de construcci\u00f3 a base de petits blocs de fusta de pi (tots de la mateixa mida, uns 12 cm de llarg) que s\u2019uneixen els uns als altres sense un punt de fixaci\u00f3. \u00c9s un joc molt interessant ja que desperta la creativitat i estimula la imaginaci\u00f3 i l\u2019esperit art\u00edstic d\u2019infants i adults.<br \/>\n<a href=\"https:\/\/agora.xtec.cat\/ceipvistaalegre\/wp-content\/uploads\/usu1936\/2024\/11\/3-Photos-Minimalist-Instagram-Story.jpeg\"><img loading=\"lazy\" decoding=\"async\" class=\"aligncenter size-full wp-image-10545\" src=\"https:\/\/agora.xtec.cat\/ceipvistaalegre\/wp-content\/uploads\/usu1936\/2024\/11\/3-Photos-Minimalist-Instagram-Story.jpeg\" alt=\"\" width=\"1899\" height=\"1052\" srcset=\"https:\/\/agora.xtec.cat\/ceipvistaalegre\/wp-content\/uploads\/usu1936\/2024\/11\/3-Photos-Minimalist-Instagram-Story.jpeg 1899w, https:\/\/agora.xtec.cat\/ceipvistaalegre\/wp-content\/uploads\/usu1936\/2024\/11\/3-Photos-Minimalist-Instagram-Story-300x166.jpeg 300w, https:\/\/agora.xtec.cat\/ceipvistaalegre\/wp-content\/uploads\/usu1936\/2024\/11\/3-Photos-Minimalist-Instagram-Story-1024x567.jpeg 1024w, https:\/\/agora.xtec.cat\/ceipvistaalegre\/wp-content\/uploads\/usu1936\/2024\/11\/3-Photos-Minimalist-Instagram-Story-768x425.jpeg 768w, https:\/\/agora.xtec.cat\/ceipvistaalegre\/wp-content\/uploads\/usu1936\/2024\/11\/3-Photos-Minimalist-Instagram-Story-1536x851.jpeg 1536w\" sizes=\"auto, (max-width: 1899px) 100vw, 1899px\" \/><\/a><\/p>\n","protected":false},"excerpt":{"rendered":"<p>Aquesta setmana els nens i nenes de 3r hem fet un taller de KAPLA a l\u2019escola, on hem pogut construir, mitjan\u00e7ant el treball en equip, un elefant i una girafa gaireb\u00e9 alta com el sostre.<br \/>\nKapla \u00e9s un joc de construcci\u00f3 a base de petits blocs&hellip;  <a href=\"https:\/\/agora.xtec.cat\/ceipvistaalegre\/primaria\/la-classe-dels-pirates\/taller-de-kapla\/\" title=\"Read Taller de KAPLA\">Llegeix m\u00e9s\u00bb<\/a><\/p>\n","protected":false},"author":22,"featured_media":0,"comment_status":"open","ping_status":"closed","sticky":false,"template":"","format":"standard","meta":{"_bbp_topic_count":0,"_bbp_reply_count":0,"_bbp_total_topic_count":0,"_bbp_total_reply_count":0,"_bbp_voice_count":0,"_bbp_anonymous_reply_count":0,"_bbp_topic_count_hidden":0,"_bbp_reply_count_hidden":0,"_bbp_forum_subforum_count":0,"footnotes":""},"categories":[12],"tags":[],"class_list":["post-10540","post","type-post","status-publish","format-standard","hentry","category-la-classe-dels-pirates"],"post_mailing_queue_ids":[],"_links":{"self":[{"href":"https:\/\/agora.xtec.cat\/ceipvistaalegre\/wp-json\/wp\/v2\/posts\/10540","targetHints":{"allow":["GET"]}}],"collection":[{"href":"https:\/\/agora.xtec.cat\/ceipvistaalegre\/wp-json\/wp\/v2\/posts"}],"about":[{"href":"https:\/\/agora.xtec.cat\/ceipvistaalegre\/wp-json\/wp\/v2\/types\/post"}],"author":[{"embeddable":true,"href":"https:\/\/agora.xtec.cat\/ceipvistaalegre\/wp-json\/wp\/v2\/users\/22"}],"replies":[{"embeddable":true,"href":"https:\/\/agora.xtec.cat\/ceipvistaalegre\/wp-json\/wp\/v2\/comments?post=10540"}],"version-history":[{"count":1,"href":"https:\/\/agora.xtec.cat\/ceipvistaalegre\/wp-json\/wp\/v2\/posts\/10540\/revisions"}],"predecessor-version":[{"id":10546,"href":"https:\/\/agora.xtec.cat\/ceipvistaalegre\/wp-json\/wp\/v2\/posts\/10540\/revisions\/10546"}],"wp:attachment":[{"href":"https:\/\/agora.xtec.cat\/ceipvistaalegre\/wp-json\/wp\/v2\/media?parent=10540"}],"wp:term":[{"taxonomy":"category","embeddable":true,"href":"https:\/\/agora.xtec.cat\/ceipvistaalegre\/wp-json\/wp\/v2\/categories?post=10540"},{"taxonomy":"post_tag","embeddable":true,"href":"https:\/\/agora.xtec.cat\/ceipvistaalegre\/wp-json\/wp\/v2\/tags?post=10540"}],"curies":[{"name":"wp","href":"https:\/\/api.w.org\/{rel}","templated":true}]}}