{"id":10534,"date":"2024-11-11T19:59:21","date_gmt":"2024-11-11T18:59:21","guid":{"rendered":"https:\/\/agora.xtec.cat\/ceipvistaalegre\/?p=10534"},"modified":"2024-11-11T20:00:56","modified_gmt":"2024-11-11T19:00:56","slug":"collita-denciams-2","status":"publish","type":"post","link":"https:\/\/agora.xtec.cat\/ceipvistaalegre\/primaria\/1r\/collita-denciams-2\/","title":{"rendered":"COLLITA D&#8217;ENCIAMS"},"content":{"rendered":"<p style=\"text-align: center\">Al llarg d&#8217;aquest dos mesos hem fet un treball preci\u00f3s a l&#8217;hort de l&#8217;escola!!<\/p>\n<p style=\"text-align: center\">Els nens i nenes de 1r vam plantar enciams meravella, els vam regar i cuidar setmanalment. En unes setmanes hem pogut aprendre tot el seu proc\u00e9s de creixement. Hem fet activitats de recerca i obervaci\u00f3. L&#8217;hort estava espectacular amb tot el que hav\u00edem plantat.\u00a0 Avu\u00ed hem pogut collir els enciams i preparar una bon\u00edssima amanida. Hem gaudit del gust de la verdura fresca i recent collida del nostre hort.<\/p>\n<p style=\"text-align: center\"><a href=\"https:\/\/agora.xtec.cat\/ceipvistaalegre\/wp-content\/uploads\/usu1936\/2024\/11\/Collage-Fotos-Moodboard-Aesthetic-Pastel-1.png\"><img loading=\"lazy\" decoding=\"async\" class=\"alignnone size-large wp-image-10537\" src=\"https:\/\/agora.xtec.cat\/ceipvistaalegre\/wp-content\/uploads\/usu1936\/2024\/11\/Collage-Fotos-Moodboard-Aesthetic-Pastel-1-682x1024.png\" alt=\"\" width=\"682\" height=\"1024\" srcset=\"https:\/\/agora.xtec.cat\/ceipvistaalegre\/wp-content\/uploads\/usu1936\/2024\/11\/Collage-Fotos-Moodboard-Aesthetic-Pastel-1-682x1024.png 682w, https:\/\/agora.xtec.cat\/ceipvistaalegre\/wp-content\/uploads\/usu1936\/2024\/11\/Collage-Fotos-Moodboard-Aesthetic-Pastel-1-200x300.png 200w, https:\/\/agora.xtec.cat\/ceipvistaalegre\/wp-content\/uploads\/usu1936\/2024\/11\/Collage-Fotos-Moodboard-Aesthetic-Pastel-1-768x1152.png 768w, https:\/\/agora.xtec.cat\/ceipvistaalegre\/wp-content\/uploads\/usu1936\/2024\/11\/Collage-Fotos-Moodboard-Aesthetic-Pastel-1-1024x1536.png 1024w, https:\/\/agora.xtec.cat\/ceipvistaalegre\/wp-content\/uploads\/usu1936\/2024\/11\/Collage-Fotos-Moodboard-Aesthetic-Pastel-1.png 1333w\" sizes=\"auto, (max-width: 682px) 100vw, 682px\" \/><\/a><\/p>\n<p>&nbsp;<\/p>\n","protected":false},"excerpt":{"rendered":"<p>Al llarg d&#8217;aquest dos mesos hem fet un treball preci\u00f3s a l&#8217;hort de l&#8217;escola!!<br \/>\nEls nens i nenes de 1r vam plantar enciams meravella, els vam regar i cuidar setmanalment. En unes setmanes hem pogut aprendre tot el seu proc\u00e9s de creixement. Hem fet activitats de&hellip;  <a href=\"https:\/\/agora.xtec.cat\/ceipvistaalegre\/primaria\/1r\/collita-denciams-2\/\" title=\"Read COLLITA D&#8217;ENCIAMS\">Llegeix m\u00e9s\u00bb<\/a><\/p>\n","protected":false},"author":25,"featured_media":0,"comment_status":"open","ping_status":"closed","sticky":false,"template":"","format":"standard","meta":{"_bbp_topic_count":0,"_bbp_reply_count":0,"_bbp_total_topic_count":0,"_bbp_total_reply_count":0,"_bbp_voice_count":0,"_bbp_anonymous_reply_count":0,"_bbp_topic_count_hidden":0,"_bbp_reply_count_hidden":0,"_bbp_forum_subforum_count":0,"footnotes":""},"categories":[10],"tags":[],"class_list":["post-10534","post","type-post","status-publish","format-standard","hentry","category-1r"],"post_mailing_queue_ids":[],"_links":{"self":[{"href":"https:\/\/agora.xtec.cat\/ceipvistaalegre\/wp-json\/wp\/v2\/posts\/10534","targetHints":{"allow":["GET"]}}],"collection":[{"href":"https:\/\/agora.xtec.cat\/ceipvistaalegre\/wp-json\/wp\/v2\/posts"}],"about":[{"href":"https:\/\/agora.xtec.cat\/ceipvistaalegre\/wp-json\/wp\/v2\/types\/post"}],"author":[{"embeddable":true,"href":"https:\/\/agora.xtec.cat\/ceipvistaalegre\/wp-json\/wp\/v2\/users\/25"}],"replies":[{"embeddable":true,"href":"https:\/\/agora.xtec.cat\/ceipvistaalegre\/wp-json\/wp\/v2\/comments?post=10534"}],"version-history":[{"count":2,"href":"https:\/\/agora.xtec.cat\/ceipvistaalegre\/wp-json\/wp\/v2\/posts\/10534\/revisions"}],"predecessor-version":[{"id":10539,"href":"https:\/\/agora.xtec.cat\/ceipvistaalegre\/wp-json\/wp\/v2\/posts\/10534\/revisions\/10539"}],"wp:attachment":[{"href":"https:\/\/agora.xtec.cat\/ceipvistaalegre\/wp-json\/wp\/v2\/media?parent=10534"}],"wp:term":[{"taxonomy":"category","embeddable":true,"href":"https:\/\/agora.xtec.cat\/ceipvistaalegre\/wp-json\/wp\/v2\/categories?post=10534"},{"taxonomy":"post_tag","embeddable":true,"href":"https:\/\/agora.xtec.cat\/ceipvistaalegre\/wp-json\/wp\/v2\/tags?post=10534"}],"curies":[{"name":"wp","href":"https:\/\/api.w.org\/{rel}","templated":true}]}}