{"id":10528,"date":"2024-11-08T16:05:18","date_gmt":"2024-11-08T15:05:18","guid":{"rendered":"https:\/\/agora.xtec.cat\/ceipvistaalegre\/?p=10528"},"modified":"2024-11-29T22:33:00","modified_gmt":"2024-11-29T21:33:00","slug":"el-podcast-mes-alegre-octubre-i-novembre","status":"publish","type":"post","link":"https:\/\/agora.xtec.cat\/ceipvistaalegre\/portada\/el-podcast-mes-alegre-octubre-i-novembre\/","title":{"rendered":"EL P\u00d2DCAST M\u00c9S ALEGRE &#8211; SETEMBRE I OCTUBRE"},"content":{"rendered":"<p style=\"text-align: center;\">Fam\u00edlies, ja tenim la primera entrega de &#8220;EL P\u00d2DCAST M\u00c9S ALEGRE&#8221;<\/p>\n<p>Els nens i nenes de 6\u00e8 estan portant a terme un projecte d&#8217;expressi\u00f3 oral en el que cada mes ens faran una entrega d&#8217;un p\u00f2dcast amb diferents seccions.<\/p>\n<p>Esperem que us agradi!<\/p>\n<p style=\"text-align: center;\"><a href=\"https:\/\/drive.google.com\/file\/d\/1XAc5v8esguSFoZfXr06_j3rfpOR7vgTK\/view?usp=drive_link\">EL P\u00d2DCAST M\u00c9S ALEGRE 1<img loading=\"lazy\" decoding=\"async\" class=\" wp-image-10155 aligncenter\" src=\"https:\/\/agora.xtec.cat\/ceipvistaalegre\/wp-content\/uploads\/usu1936\/2024\/06\/IMG-20240618-WA0031-1.jpg\" alt=\"\" width=\"333\" height=\"380\" srcset=\"https:\/\/agora.xtec.cat\/ceipvistaalegre\/wp-content\/uploads\/usu1936\/2024\/06\/IMG-20240618-WA0031-1.jpg 767w, https:\/\/agora.xtec.cat\/ceipvistaalegre\/wp-content\/uploads\/usu1936\/2024\/06\/IMG-20240618-WA0031-1-263x300.jpg 263w\" sizes=\"auto, (max-width: 333px) 100vw, 333px\" \/><\/a><\/p>\n","protected":false},"excerpt":{"rendered":"<p>Fam\u00edlies, ja tenim la primera entrega de &#8220;EL P\u00d2DCAST M\u00c9S ALEGRE&#8221;<br \/>\nEls nens i nenes de 6\u00e8 estan portant a terme un projecte d&#8217;expressi\u00f3 oral en el que cada mes ens faran una entrega d&#8217;un p\u00f2dcast amb diferents seccions.<br \/>\nEsperem que us agradi!<br \/>\n<a href=\"https:\/\/drive.google.com\/file\/d\/1XAc5v8esguSFoZfXr06_j3rfpOR7vgTK\/view?usp=drive_link\">EL P\u00d2DCAST M\u00c9S ALEGRE&hellip;  <a href=\"https:\/\/agora.xtec.cat\/ceipvistaalegre\/portada\/el-podcast-mes-alegre-octubre-i-novembre\/\" title=\"Read EL P\u00d2DCAST M\u00c9S ALEGRE &#8211; SETEMBRE I OCTUBRE\">Llegeix m\u00e9s\u00bb<\/a><\/p>\n","protected":false},"author":3,"featured_media":0,"comment_status":"open","ping_status":"closed","sticky":false,"template":"","format":"standard","meta":{"_bbp_topic_count":0,"_bbp_reply_count":0,"_bbp_total_topic_count":0,"_bbp_total_reply_count":0,"_bbp_voice_count":0,"_bbp_anonymous_reply_count":0,"_bbp_topic_count_hidden":0,"_bbp_reply_count_hidden":0,"_bbp_forum_subforum_count":0,"footnotes":""},"categories":[15,296,4],"tags":[337],"class_list":["post-10528","post","type-post","status-publish","format-standard","hentry","category-6e","category-el-potcast-alegre","category-portada","tag-podcast"],"post_mailing_queue_ids":[],"_links":{"self":[{"href":"https:\/\/agora.xtec.cat\/ceipvistaalegre\/wp-json\/wp\/v2\/posts\/10528","targetHints":{"allow":["GET"]}}],"collection":[{"href":"https:\/\/agora.xtec.cat\/ceipvistaalegre\/wp-json\/wp\/v2\/posts"}],"about":[{"href":"https:\/\/agora.xtec.cat\/ceipvistaalegre\/wp-json\/wp\/v2\/types\/post"}],"author":[{"embeddable":true,"href":"https:\/\/agora.xtec.cat\/ceipvistaalegre\/wp-json\/wp\/v2\/users\/3"}],"replies":[{"embeddable":true,"href":"https:\/\/agora.xtec.cat\/ceipvistaalegre\/wp-json\/wp\/v2\/comments?post=10528"}],"version-history":[{"count":3,"href":"https:\/\/agora.xtec.cat\/ceipvistaalegre\/wp-json\/wp\/v2\/posts\/10528\/revisions"}],"predecessor-version":[{"id":10681,"href":"https:\/\/agora.xtec.cat\/ceipvistaalegre\/wp-json\/wp\/v2\/posts\/10528\/revisions\/10681"}],"wp:attachment":[{"href":"https:\/\/agora.xtec.cat\/ceipvistaalegre\/wp-json\/wp\/v2\/media?parent=10528"}],"wp:term":[{"taxonomy":"category","embeddable":true,"href":"https:\/\/agora.xtec.cat\/ceipvistaalegre\/wp-json\/wp\/v2\/categories?post=10528"},{"taxonomy":"post_tag","embeddable":true,"href":"https:\/\/agora.xtec.cat\/ceipvistaalegre\/wp-json\/wp\/v2\/tags?post=10528"}],"curies":[{"name":"wp","href":"https:\/\/api.w.org\/{rel}","templated":true}]}}