{"id":10506,"date":"2024-11-05T07:34:29","date_gmt":"2024-11-05T06:34:29","guid":{"rendered":"https:\/\/agora.xtec.cat\/ceipvistaalegre\/?p=10506"},"modified":"2024-11-15T09:28:24","modified_gmt":"2024-11-15T08:28:24","slug":"punt-de-recollida-material-educatiu","status":"publish","type":"post","link":"https:\/\/agora.xtec.cat\/ceipvistaalegre\/portada\/punt-de-recollida-material-educatiu\/","title":{"rendered":"Punt de recollida &#8211; MATERIAL EDUCATIU"},"content":{"rendered":"<p>Despr\u00e9s de la cat\u00e0strofe de Val\u00e8ncia per la DANA, s\u00f3n molts els punts de recollida de material i productes que s&#8217;han organitzat per ajudar. Des de l&#8217;escola, no podem oblidar als companys i companyes de feina, aix\u00ed com en els nens i nenes que han perdut la seva escola.<\/p>\n<p>A partir del dimarts 5 de novembre i fins que es necessiti, l&#8217;escola Vista Alegre passa a ser un punt de recollida de <strong>MATERIAL EDUCATIU<\/strong> per a escoles bressol, centres d&#8217;educaci\u00f3 especial, escoles d&#8217;educaci\u00f3 infantil i prim\u00e0ria i instituts afectats per la DANA de Val\u00e8ncia.<\/p>\n<p><a href=\"https:\/\/agora.xtec.cat\/ceipvistaalegre\/wp-content\/uploads\/usu1936\/2024\/11\/3-1.jpg\"><img loading=\"lazy\" decoding=\"async\" class=\"wp-image-10508 aligncenter\" src=\"https:\/\/agora.xtec.cat\/ceipvistaalegre\/wp-content\/uploads\/usu1936\/2024\/11\/3-1.jpg\" alt=\"\" width=\"276\" height=\"236\" srcset=\"https:\/\/agora.xtec.cat\/ceipvistaalegre\/wp-content\/uploads\/usu1936\/2024\/11\/3-1.jpg 365w, https:\/\/agora.xtec.cat\/ceipvistaalegre\/wp-content\/uploads\/usu1936\/2024\/11\/3-1-300x257.jpg 300w\" sizes=\"auto, (max-width: 276px) 100vw, 276px\" \/><\/a><\/p>\n<p><em><strong>El material que es es pot portar \u00e9s el seg\u00fcent:<\/strong><\/em><\/p>\n<ul>\n<li>Material escolar: pintures llapis, maquinetes, gomes, papers, llibretes, colors, retoladors&#8230;<\/li>\n<li>Pissarres, guixos, esborradors&#8230;<\/li>\n<li>Jocs de taules, trencaclosques, disfresses&#8230;<\/li>\n<li>Material manipulatiu: jocs enfilables, construccions de fusta&#8230;<\/li>\n<li>Lectura: contes, llibres&#8230;<\/li>\n<li>Material per a psicomotricitat<\/li>\n<li>Jocs de pati<\/li>\n<\/ul>\n<p><strong><em>Qu\u00e8 heu de tenir en compte?<\/em><\/strong><\/p>\n<ul>\n<li>El material no ha de ser nou, per\u00f2 s\u00ed que ha d&#8217;estar en bon estat.<\/li>\n<li>No s&#8217;acceptar\u00e0 cap altre tipus de material. En cas de voler fer altra donaci\u00f3, existeixen altres punts de recollida.<\/li>\n<li>Podeu portar el material a l&#8217;escola de 9:00 h a 17:00 h<\/li>\n<li>Podeu deixar-ho a consergeria.<\/li>\n<\/ul>\n<h3 style=\"text-align: center;\"><strong>FEM-HO ENTRE TOTS I TOTES POSSIBLE!<\/strong><\/h3>\n","protected":false},"excerpt":{"rendered":"<p>Despr\u00e9s de la cat\u00e0strofe de Val\u00e8ncia per la DANA, s\u00f3n molts els punts de recollida de material i productes que s&#8217;han organitzat per ajudar. Des de l&#8217;escola, no podem oblidar als companys i companyes de feina, aix\u00ed com en els nens i nenes que han&hellip;  <a href=\"https:\/\/agora.xtec.cat\/ceipvistaalegre\/portada\/punt-de-recollida-material-educatiu\/\" title=\"Read Punt de recollida &#8211; MATERIAL EDUCATIU\">Llegeix m\u00e9s\u00bb<\/a><\/p>\n","protected":false},"author":3,"featured_media":0,"comment_status":"open","ping_status":"closed","sticky":false,"template":"","format":"standard","meta":{"_bbp_topic_count":0,"_bbp_reply_count":0,"_bbp_total_topic_count":0,"_bbp_total_reply_count":0,"_bbp_voice_count":0,"_bbp_anonymous_reply_count":0,"_bbp_topic_count_hidden":0,"_bbp_reply_count_hidden":0,"_bbp_forum_subforum_count":0,"footnotes":""},"categories":[4],"tags":[],"class_list":["post-10506","post","type-post","status-publish","format-standard","hentry","category-portada"],"post_mailing_queue_ids":[],"_links":{"self":[{"href":"https:\/\/agora.xtec.cat\/ceipvistaalegre\/wp-json\/wp\/v2\/posts\/10506","targetHints":{"allow":["GET"]}}],"collection":[{"href":"https:\/\/agora.xtec.cat\/ceipvistaalegre\/wp-json\/wp\/v2\/posts"}],"about":[{"href":"https:\/\/agora.xtec.cat\/ceipvistaalegre\/wp-json\/wp\/v2\/types\/post"}],"author":[{"embeddable":true,"href":"https:\/\/agora.xtec.cat\/ceipvistaalegre\/wp-json\/wp\/v2\/users\/3"}],"replies":[{"embeddable":true,"href":"https:\/\/agora.xtec.cat\/ceipvistaalegre\/wp-json\/wp\/v2\/comments?post=10506"}],"version-history":[{"count":3,"href":"https:\/\/agora.xtec.cat\/ceipvistaalegre\/wp-json\/wp\/v2\/posts\/10506\/revisions"}],"predecessor-version":[{"id":10511,"href":"https:\/\/agora.xtec.cat\/ceipvistaalegre\/wp-json\/wp\/v2\/posts\/10506\/revisions\/10511"}],"wp:attachment":[{"href":"https:\/\/agora.xtec.cat\/ceipvistaalegre\/wp-json\/wp\/v2\/media?parent=10506"}],"wp:term":[{"taxonomy":"category","embeddable":true,"href":"https:\/\/agora.xtec.cat\/ceipvistaalegre\/wp-json\/wp\/v2\/categories?post=10506"},{"taxonomy":"post_tag","embeddable":true,"href":"https:\/\/agora.xtec.cat\/ceipvistaalegre\/wp-json\/wp\/v2\/tags?post=10506"}],"curies":[{"name":"wp","href":"https:\/\/api.w.org\/{rel}","templated":true}]}}