{"id":10498,"date":"2024-11-04T19:30:59","date_gmt":"2024-11-04T18:30:59","guid":{"rendered":"https:\/\/agora.xtec.cat\/ceipvistaalegre\/?p=10498"},"modified":"2024-11-04T19:30:59","modified_gmt":"2024-11-04T18:30:59","slug":"els-tallers-del-primer-cicle","status":"publish","type":"post","link":"https:\/\/agora.xtec.cat\/ceipvistaalegre\/primaria\/1r\/els-tallers-del-primer-cicle\/","title":{"rendered":"ELS TALLERS DEL PRIMER CICLE"},"content":{"rendered":"<p>Cada divendres a la tarda els nens i les nenes de primer i segon de prim\u00e0ria treballen en internivells per fer diferents tallers. Consisteixen en diferents propostes pl\u00e0stiques que desenvolupen qualitats art\u00edstiques en els infants,\u00a0 alhora que \u00a0es treballen materials i t\u00e8cniques pl\u00e0stiques molt diverses.<\/p>\n<p>En aquesta primera ronda s\u2019han realitzat els tallers \u00a0del marbrejat, del modelatge, del col\u00b7lage i \u00a0de la composici\u00f3 de formes amb volum.<\/p>\n<p>&nbsp;<\/p>\n<p><a href=\"https:\/\/agora.xtec.cat\/ceipvistaalegre\/wp-content\/uploads\/usu1936\/2024\/11\/IMG_20241029_221302-scaled.jpg\"><img loading=\"lazy\" decoding=\"async\" class=\"alignnone size-large wp-image-10500\" src=\"https:\/\/agora.xtec.cat\/ceipvistaalegre\/wp-content\/uploads\/usu1936\/2024\/11\/IMG_20241029_221302-777x1024.jpg\" alt=\"\" width=\"777\" height=\"1024\" srcset=\"https:\/\/agora.xtec.cat\/ceipvistaalegre\/wp-content\/uploads\/usu1936\/2024\/11\/IMG_20241029_221302-777x1024.jpg 777w, https:\/\/agora.xtec.cat\/ceipvistaalegre\/wp-content\/uploads\/usu1936\/2024\/11\/IMG_20241029_221302-227x300.jpg 227w, https:\/\/agora.xtec.cat\/ceipvistaalegre\/wp-content\/uploads\/usu1936\/2024\/11\/IMG_20241029_221302-768x1013.jpg 768w, https:\/\/agora.xtec.cat\/ceipvistaalegre\/wp-content\/uploads\/usu1936\/2024\/11\/IMG_20241029_221302-1165x1536.jpg 1165w, https:\/\/agora.xtec.cat\/ceipvistaalegre\/wp-content\/uploads\/usu1936\/2024\/11\/IMG_20241029_221302-1553x2048.jpg 1553w, https:\/\/agora.xtec.cat\/ceipvistaalegre\/wp-content\/uploads\/usu1936\/2024\/11\/IMG_20241029_221302-scaled.jpg 1941w\" sizes=\"auto, (max-width: 777px) 100vw, 777px\" \/><\/a> <a href=\"https:\/\/agora.xtec.cat\/ceipvistaalegre\/wp-content\/uploads\/usu1936\/2024\/11\/IMG_20241029_221407-scaled.jpg\"><img loading=\"lazy\" decoding=\"async\" class=\"alignnone size-large wp-image-10501\" src=\"https:\/\/agora.xtec.cat\/ceipvistaalegre\/wp-content\/uploads\/usu1936\/2024\/11\/IMG_20241029_221407-777x1024.jpg\" alt=\"\" width=\"777\" height=\"1024\" srcset=\"https:\/\/agora.xtec.cat\/ceipvistaalegre\/wp-content\/uploads\/usu1936\/2024\/11\/IMG_20241029_221407-777x1024.jpg 777w, https:\/\/agora.xtec.cat\/ceipvistaalegre\/wp-content\/uploads\/usu1936\/2024\/11\/IMG_20241029_221407-227x300.jpg 227w, https:\/\/agora.xtec.cat\/ceipvistaalegre\/wp-content\/uploads\/usu1936\/2024\/11\/IMG_20241029_221407-768x1013.jpg 768w, https:\/\/agora.xtec.cat\/ceipvistaalegre\/wp-content\/uploads\/usu1936\/2024\/11\/IMG_20241029_221407-1165x1536.jpg 1165w, https:\/\/agora.xtec.cat\/ceipvistaalegre\/wp-content\/uploads\/usu1936\/2024\/11\/IMG_20241029_221407-1553x2048.jpg 1553w, https:\/\/agora.xtec.cat\/ceipvistaalegre\/wp-content\/uploads\/usu1936\/2024\/11\/IMG_20241029_221407-scaled.jpg 1941w\" sizes=\"auto, (max-width: 777px) 100vw, 777px\" \/><\/a> <a href=\"https:\/\/agora.xtec.cat\/ceipvistaalegre\/wp-content\/uploads\/usu1936\/2024\/11\/IMG_20241029_221534-scaled.jpg\"><img loading=\"lazy\" decoding=\"async\" class=\"alignnone size-large wp-image-10502\" src=\"https:\/\/agora.xtec.cat\/ceipvistaalegre\/wp-content\/uploads\/usu1936\/2024\/11\/IMG_20241029_221534-777x1024.jpg\" alt=\"\" width=\"777\" height=\"1024\" srcset=\"https:\/\/agora.xtec.cat\/ceipvistaalegre\/wp-content\/uploads\/usu1936\/2024\/11\/IMG_20241029_221534-777x1024.jpg 777w, https:\/\/agora.xtec.cat\/ceipvistaalegre\/wp-content\/uploads\/usu1936\/2024\/11\/IMG_20241029_221534-227x300.jpg 227w, https:\/\/agora.xtec.cat\/ceipvistaalegre\/wp-content\/uploads\/usu1936\/2024\/11\/IMG_20241029_221534-768x1013.jpg 768w, https:\/\/agora.xtec.cat\/ceipvistaalegre\/wp-content\/uploads\/usu1936\/2024\/11\/IMG_20241029_221534-1165x1536.jpg 1165w, https:\/\/agora.xtec.cat\/ceipvistaalegre\/wp-content\/uploads\/usu1936\/2024\/11\/IMG_20241029_221534-1553x2048.jpg 1553w, https:\/\/agora.xtec.cat\/ceipvistaalegre\/wp-content\/uploads\/usu1936\/2024\/11\/IMG_20241029_221534-scaled.jpg 1941w\" sizes=\"auto, (max-width: 777px) 100vw, 777px\" \/><\/a> <a href=\"https:\/\/agora.xtec.cat\/ceipvistaalegre\/wp-content\/uploads\/usu1936\/2024\/11\/IMG_20241030_163405-scaled.jpg\"><img loading=\"lazy\" decoding=\"async\" class=\"alignnone size-large wp-image-10503\" src=\"https:\/\/agora.xtec.cat\/ceipvistaalegre\/wp-content\/uploads\/usu1936\/2024\/11\/IMG_20241030_163405-777x1024.jpg\" alt=\"\" width=\"777\" height=\"1024\" srcset=\"https:\/\/agora.xtec.cat\/ceipvistaalegre\/wp-content\/uploads\/usu1936\/2024\/11\/IMG_20241030_163405-777x1024.jpg 777w, https:\/\/agora.xtec.cat\/ceipvistaalegre\/wp-content\/uploads\/usu1936\/2024\/11\/IMG_20241030_163405-227x300.jpg 227w, https:\/\/agora.xtec.cat\/ceipvistaalegre\/wp-content\/uploads\/usu1936\/2024\/11\/IMG_20241030_163405-768x1013.jpg 768w, https:\/\/agora.xtec.cat\/ceipvistaalegre\/wp-content\/uploads\/usu1936\/2024\/11\/IMG_20241030_163405-1165x1536.jpg 1165w, https:\/\/agora.xtec.cat\/ceipvistaalegre\/wp-content\/uploads\/usu1936\/2024\/11\/IMG_20241030_163405-1553x2048.jpg 1553w, https:\/\/agora.xtec.cat\/ceipvistaalegre\/wp-content\/uploads\/usu1936\/2024\/11\/IMG_20241030_163405-scaled.jpg 1941w\" sizes=\"auto, (max-width: 777px) 100vw, 777px\" \/><\/a><\/p>\n<p>&nbsp;<\/p>\n","protected":false},"excerpt":{"rendered":"<p>Cada divendres a la tarda els nens i les nenes de primer i segon de prim\u00e0ria treballen en internivells per fer diferents tallers. Consisteixen en diferents propostes pl\u00e0stiques que desenvolupen qualitats art\u00edstiques en els infants,\u00a0 alhora que \u00a0es treballen materials i t\u00e8cniques pl\u00e0stiques molt diverses.<br \/>\nEn&hellip;  <a href=\"https:\/\/agora.xtec.cat\/ceipvistaalegre\/primaria\/1r\/els-tallers-del-primer-cicle\/\" title=\"Read ELS TALLERS DEL PRIMER CICLE\">Llegeix m\u00e9s\u00bb<\/a><\/p>\n","protected":false},"author":15,"featured_media":0,"comment_status":"open","ping_status":"closed","sticky":false,"template":"","format":"standard","meta":{"_bbp_topic_count":0,"_bbp_reply_count":0,"_bbp_total_topic_count":0,"_bbp_total_reply_count":0,"_bbp_voice_count":0,"_bbp_anonymous_reply_count":0,"_bbp_topic_count_hidden":0,"_bbp_reply_count_hidden":0,"_bbp_forum_subforum_count":0,"footnotes":""},"categories":[10,11],"tags":[],"class_list":["post-10498","post","type-post","status-publish","format-standard","hentry","category-1r","category-2n"],"post_mailing_queue_ids":[],"_links":{"self":[{"href":"https:\/\/agora.xtec.cat\/ceipvistaalegre\/wp-json\/wp\/v2\/posts\/10498","targetHints":{"allow":["GET"]}}],"collection":[{"href":"https:\/\/agora.xtec.cat\/ceipvistaalegre\/wp-json\/wp\/v2\/posts"}],"about":[{"href":"https:\/\/agora.xtec.cat\/ceipvistaalegre\/wp-json\/wp\/v2\/types\/post"}],"author":[{"embeddable":true,"href":"https:\/\/agora.xtec.cat\/ceipvistaalegre\/wp-json\/wp\/v2\/users\/15"}],"replies":[{"embeddable":true,"href":"https:\/\/agora.xtec.cat\/ceipvistaalegre\/wp-json\/wp\/v2\/comments?post=10498"}],"version-history":[{"count":3,"href":"https:\/\/agora.xtec.cat\/ceipvistaalegre\/wp-json\/wp\/v2\/posts\/10498\/revisions"}],"predecessor-version":[{"id":10505,"href":"https:\/\/agora.xtec.cat\/ceipvistaalegre\/wp-json\/wp\/v2\/posts\/10498\/revisions\/10505"}],"wp:attachment":[{"href":"https:\/\/agora.xtec.cat\/ceipvistaalegre\/wp-json\/wp\/v2\/media?parent=10498"}],"wp:term":[{"taxonomy":"category","embeddable":true,"href":"https:\/\/agora.xtec.cat\/ceipvistaalegre\/wp-json\/wp\/v2\/categories?post=10498"},{"taxonomy":"post_tag","embeddable":true,"href":"https:\/\/agora.xtec.cat\/ceipvistaalegre\/wp-json\/wp\/v2\/tags?post=10498"}],"curies":[{"name":"wp","href":"https:\/\/api.w.org\/{rel}","templated":true}]}}