{"id":10492,"date":"2024-11-04T15:00:16","date_gmt":"2024-11-04T14:00:16","guid":{"rendered":"https:\/\/agora.xtec.cat\/ceipvistaalegre\/?p=10492"},"modified":"2024-11-04T15:00:16","modified_gmt":"2024-11-04T14:00:16","slug":"octubre-el-mes-de-lalimentacio-saludable","status":"publish","type":"post","link":"https:\/\/agora.xtec.cat\/ceipvistaalegre\/portada\/octubre-el-mes-de-lalimentacio-saludable\/","title":{"rendered":"Octubre, el mes de l&#8217;alimentaci\u00f3 saludable"},"content":{"rendered":"<p>Al llarg d&#8217;aquest curs es fan diferents activitats a l&#8217;espai migdia. Propostes per al centre d&#8217;inter\u00e8s que girar\u00e0 al voltant d&#8217;aquestes activitats.<\/p>\n<p>Aquest mes d&#8217;octubre, han estat activitats per celebrar el &#8220;Dia Mundial de la Salut&#8221;, que va tenir lloc el passat 16 d&#8217;octubre.<\/p>\n<p><a href=\"https:\/\/agora.xtec.cat\/ceipvistaalegre\/wp-content\/uploads\/usu1936\/2024\/11\/1.jpg\"><img loading=\"lazy\" decoding=\"async\" class=\" wp-image-10494 aligncenter\" src=\"https:\/\/agora.xtec.cat\/ceipvistaalegre\/wp-content\/uploads\/usu1936\/2024\/11\/1-1024x724.jpg\" alt=\"\" width=\"620\" height=\"438\" srcset=\"https:\/\/agora.xtec.cat\/ceipvistaalegre\/wp-content\/uploads\/usu1936\/2024\/11\/1-1024x724.jpg 1024w, https:\/\/agora.xtec.cat\/ceipvistaalegre\/wp-content\/uploads\/usu1936\/2024\/11\/1-300x212.jpg 300w, https:\/\/agora.xtec.cat\/ceipvistaalegre\/wp-content\/uploads\/usu1936\/2024\/11\/1-768x543.jpg 768w, https:\/\/agora.xtec.cat\/ceipvistaalegre\/wp-content\/uploads\/usu1936\/2024\/11\/1-1536x1086.jpg 1536w, https:\/\/agora.xtec.cat\/ceipvistaalegre\/wp-content\/uploads\/usu1936\/2024\/11\/1.jpg 1755w\" sizes=\"auto, (max-width: 620px) 100vw, 620px\" \/><\/a><\/p>\n<p>Activitats senzilles per crear conci\u00e8ncia sobre el sistema alimentari: la producci\u00f3 d\u2019aliments, el transport, els residus que es generen, les eleccions aliment\u00e0ries, el malbaratament d\u2019aliments&#8230; i el gran impacte sobre el planeta i les persones que hi viuen. \u00c9s per aix\u00f2 que amb petits gestos, f\u00e0cils d&#8217;incorporar a la nostra alimentaci\u00f3 habitual, entre tots i totes podem contribuir a crear un m\u00f3n m\u00e9s sa i just.<\/p>\n<p><a href=\"https:\/\/agora.xtec.cat\/ceipvistaalegre\/wp-content\/uploads\/usu1936\/2024\/11\/2.jpg\"><img loading=\"lazy\" decoding=\"async\" class=\" wp-image-10495 aligncenter\" src=\"https:\/\/agora.xtec.cat\/ceipvistaalegre\/wp-content\/uploads\/usu1936\/2024\/11\/2-1024x724.jpg\" alt=\"\" width=\"611\" height=\"432\" srcset=\"https:\/\/agora.xtec.cat\/ceipvistaalegre\/wp-content\/uploads\/usu1936\/2024\/11\/2-1024x724.jpg 1024w, https:\/\/agora.xtec.cat\/ceipvistaalegre\/wp-content\/uploads\/usu1936\/2024\/11\/2-300x212.jpg 300w, https:\/\/agora.xtec.cat\/ceipvistaalegre\/wp-content\/uploads\/usu1936\/2024\/11\/2-768x543.jpg 768w, https:\/\/agora.xtec.cat\/ceipvistaalegre\/wp-content\/uploads\/usu1936\/2024\/11\/2-1536x1086.jpg 1536w, https:\/\/agora.xtec.cat\/ceipvistaalegre\/wp-content\/uploads\/usu1936\/2024\/11\/2.jpg 1755w\" sizes=\"auto, (max-width: 611px) 100vw, 611px\" \/><\/a><\/p>\n<p><a href=\"https:\/\/agora.xtec.cat\/ceipvistaalegre\/wp-content\/uploads\/usu1936\/2024\/11\/3.jpg\"><img loading=\"lazy\" decoding=\"async\" class=\" wp-image-10496 aligncenter\" src=\"https:\/\/agora.xtec.cat\/ceipvistaalegre\/wp-content\/uploads\/usu1936\/2024\/11\/3-1024x724.jpg\" alt=\"\" width=\"600\" height=\"424\" srcset=\"https:\/\/agora.xtec.cat\/ceipvistaalegre\/wp-content\/uploads\/usu1936\/2024\/11\/3-1024x724.jpg 1024w, https:\/\/agora.xtec.cat\/ceipvistaalegre\/wp-content\/uploads\/usu1936\/2024\/11\/3-300x212.jpg 300w, https:\/\/agora.xtec.cat\/ceipvistaalegre\/wp-content\/uploads\/usu1936\/2024\/11\/3-768x543.jpg 768w, https:\/\/agora.xtec.cat\/ceipvistaalegre\/wp-content\/uploads\/usu1936\/2024\/11\/3-1536x1086.jpg 1536w, https:\/\/agora.xtec.cat\/ceipvistaalegre\/wp-content\/uploads\/usu1936\/2024\/11\/3.jpg 1755w\" sizes=\"auto, (max-width: 600px) 100vw, 600px\" \/><\/a><\/p>\n<p>&nbsp;<\/p>\n","protected":false},"excerpt":{"rendered":"<p>Al llarg d&#8217;aquest curs es fan diferents activitats a l&#8217;espai migdia. Propostes per al centre d&#8217;inter\u00e8s que girar\u00e0 al voltant d&#8217;aquestes activitats.<br \/>\nAquest mes d&#8217;octubre, han estat activitats per celebrar el &#8220;Dia Mundial de la Salut&#8221;, que va tenir lloc el passat 16 d&#8217;octubre.<br \/>\n<a href=\"https:\/\/agora.xtec.cat\/ceipvistaalegre\/wp-content\/uploads\/usu1936\/2024\/11\/1.jpg\"><\/a><br \/>\nActivitats senzilles&hellip;  <a href=\"https:\/\/agora.xtec.cat\/ceipvistaalegre\/portada\/octubre-el-mes-de-lalimentacio-saludable\/\" title=\"Read Octubre, el mes de l&#8217;alimentaci\u00f3 saludable\">Llegeix m\u00e9s\u00bb<\/a><\/p>\n","protected":false},"author":3,"featured_media":0,"comment_status":"open","ping_status":"closed","sticky":false,"template":"","format":"standard","meta":{"_bbp_topic_count":0,"_bbp_reply_count":0,"_bbp_total_topic_count":0,"_bbp_total_reply_count":0,"_bbp_voice_count":0,"_bbp_anonymous_reply_count":0,"_bbp_topic_count_hidden":0,"_bbp_reply_count_hidden":0,"_bbp_forum_subforum_count":0,"footnotes":""},"categories":[4],"tags":[],"class_list":["post-10492","post","type-post","status-publish","format-standard","hentry","category-portada"],"post_mailing_queue_ids":[],"_links":{"self":[{"href":"https:\/\/agora.xtec.cat\/ceipvistaalegre\/wp-json\/wp\/v2\/posts\/10492","targetHints":{"allow":["GET"]}}],"collection":[{"href":"https:\/\/agora.xtec.cat\/ceipvistaalegre\/wp-json\/wp\/v2\/posts"}],"about":[{"href":"https:\/\/agora.xtec.cat\/ceipvistaalegre\/wp-json\/wp\/v2\/types\/post"}],"author":[{"embeddable":true,"href":"https:\/\/agora.xtec.cat\/ceipvistaalegre\/wp-json\/wp\/v2\/users\/3"}],"replies":[{"embeddable":true,"href":"https:\/\/agora.xtec.cat\/ceipvistaalegre\/wp-json\/wp\/v2\/comments?post=10492"}],"version-history":[{"count":1,"href":"https:\/\/agora.xtec.cat\/ceipvistaalegre\/wp-json\/wp\/v2\/posts\/10492\/revisions"}],"predecessor-version":[{"id":10497,"href":"https:\/\/agora.xtec.cat\/ceipvistaalegre\/wp-json\/wp\/v2\/posts\/10492\/revisions\/10497"}],"wp:attachment":[{"href":"https:\/\/agora.xtec.cat\/ceipvistaalegre\/wp-json\/wp\/v2\/media?parent=10492"}],"wp:term":[{"taxonomy":"category","embeddable":true,"href":"https:\/\/agora.xtec.cat\/ceipvistaalegre\/wp-json\/wp\/v2\/categories?post=10492"},{"taxonomy":"post_tag","embeddable":true,"href":"https:\/\/agora.xtec.cat\/ceipvistaalegre\/wp-json\/wp\/v2\/tags?post=10492"}],"curies":[{"name":"wp","href":"https:\/\/api.w.org\/{rel}","templated":true}]}}