{"id":10486,"date":"2024-10-31T07:50:24","date_gmt":"2024-10-31T06:50:24","guid":{"rendered":"https:\/\/agora.xtec.cat\/ceipvistaalegre\/?p=10486"},"modified":"2024-10-31T07:50:24","modified_gmt":"2024-10-31T06:50:24","slug":"mostra-de-productes-de-tardor","status":"publish","type":"post","link":"https:\/\/agora.xtec.cat\/ceipvistaalegre\/portada\/mostra-de-productes-de-tardor\/","title":{"rendered":"Mostra de productes de tardor"},"content":{"rendered":"<p>Com cada any, a l&#8217;escola t\u00e9 lloc la &#8220;Mostra de productes de tardor&#8221;.<\/p>\n<p>L&#8217;alumnat de 6\u00e8 sempre \u00e9s qui s&#8217;encarrega de portar a terme aquesta activitat amb una parada que la resta dels infants de l&#8217;escola visiten. Amb l&#8217;objectiu de donar a con\u00e9ixer alguns dels productes m\u00e9s t\u00edpics d&#8217;aquesta estaci\u00f3, els nens i nenes m\u00e9s grans de l&#8217;escola expliquen com \u00e9s cada producte, el seu origen o detalls molt interessants. Sab\u00edeu que les castanyes s&#8217;utilitzaven com a amulet?<\/p>\n<p><a href=\"https:\/\/agora.xtec.cat\/ceipvistaalegre\/wp-content\/uploads\/usu1936\/2024\/10\/web-scaled.jpg\"><img loading=\"lazy\" decoding=\"async\" class=\" wp-image-10487 aligncenter\" src=\"https:\/\/agora.xtec.cat\/ceipvistaalegre\/wp-content\/uploads\/usu1936\/2024\/10\/web-768x1024.jpg\" alt=\"\" width=\"277\" height=\"369\" srcset=\"https:\/\/agora.xtec.cat\/ceipvistaalegre\/wp-content\/uploads\/usu1936\/2024\/10\/web-768x1024.jpg 768w, https:\/\/agora.xtec.cat\/ceipvistaalegre\/wp-content\/uploads\/usu1936\/2024\/10\/web-225x300.jpg 225w, https:\/\/agora.xtec.cat\/ceipvistaalegre\/wp-content\/uploads\/usu1936\/2024\/10\/web-1152x1536.jpg 1152w, https:\/\/agora.xtec.cat\/ceipvistaalegre\/wp-content\/uploads\/usu1936\/2024\/10\/web-1536x2048.jpg 1536w, https:\/\/agora.xtec.cat\/ceipvistaalegre\/wp-content\/uploads\/usu1936\/2024\/10\/web-scaled.jpg 1920w\" sizes=\"auto, (max-width: 277px) 100vw, 277px\" \/><\/a><\/p>\n<p>Fruits secs, fruits amb suc, carabasses, moniatos, castanyes o codonyat s\u00f3n alguns dels productes que hem pogut veure i con\u00e9ixer en aquesta mostra.<\/p>\n<p>Si voleu veure totes les imatges, podeu clicar a l&#8217;enlla\u00e7: <a href=\"https:\/\/drive.google.com\/drive\/folders\/1MFrJkGiS-QG_K8c6tJTdFLQIerKJtjxF?usp=sharing\">MOSTRA DE TARDOR&#8217;24<\/a><\/p>\n","protected":false},"excerpt":{"rendered":"<p>Com cada any, a l&#8217;escola t\u00e9 lloc la &#8220;Mostra de productes de tardor&#8221;.<br \/>\nL&#8217;alumnat de 6\u00e8 sempre \u00e9s qui s&#8217;encarrega de portar a terme aquesta activitat amb una parada que la resta dels infants de l&#8217;escola visiten. Amb l&#8217;objectiu de donar a con\u00e9ixer alguns dels productes&hellip;  <a href=\"https:\/\/agora.xtec.cat\/ceipvistaalegre\/portada\/mostra-de-productes-de-tardor\/\" title=\"Read Mostra de productes de tardor\">Llegeix m\u00e9s\u00bb<\/a><\/p>\n","protected":false},"author":3,"featured_media":0,"comment_status":"open","ping_status":"closed","sticky":false,"template":"","format":"standard","meta":{"_bbp_topic_count":0,"_bbp_reply_count":0,"_bbp_total_topic_count":0,"_bbp_total_reply_count":0,"_bbp_voice_count":0,"_bbp_anonymous_reply_count":0,"_bbp_topic_count_hidden":0,"_bbp_reply_count_hidden":0,"_bbp_forum_subforum_count":0,"footnotes":""},"categories":[4],"tags":[],"class_list":["post-10486","post","type-post","status-publish","format-standard","hentry","category-portada"],"post_mailing_queue_ids":[],"_links":{"self":[{"href":"https:\/\/agora.xtec.cat\/ceipvistaalegre\/wp-json\/wp\/v2\/posts\/10486","targetHints":{"allow":["GET"]}}],"collection":[{"href":"https:\/\/agora.xtec.cat\/ceipvistaalegre\/wp-json\/wp\/v2\/posts"}],"about":[{"href":"https:\/\/agora.xtec.cat\/ceipvistaalegre\/wp-json\/wp\/v2\/types\/post"}],"author":[{"embeddable":true,"href":"https:\/\/agora.xtec.cat\/ceipvistaalegre\/wp-json\/wp\/v2\/users\/3"}],"replies":[{"embeddable":true,"href":"https:\/\/agora.xtec.cat\/ceipvistaalegre\/wp-json\/wp\/v2\/comments?post=10486"}],"version-history":[{"count":1,"href":"https:\/\/agora.xtec.cat\/ceipvistaalegre\/wp-json\/wp\/v2\/posts\/10486\/revisions"}],"predecessor-version":[{"id":10488,"href":"https:\/\/agora.xtec.cat\/ceipvistaalegre\/wp-json\/wp\/v2\/posts\/10486\/revisions\/10488"}],"wp:attachment":[{"href":"https:\/\/agora.xtec.cat\/ceipvistaalegre\/wp-json\/wp\/v2\/media?parent=10486"}],"wp:term":[{"taxonomy":"category","embeddable":true,"href":"https:\/\/agora.xtec.cat\/ceipvistaalegre\/wp-json\/wp\/v2\/categories?post=10486"},{"taxonomy":"post_tag","embeddable":true,"href":"https:\/\/agora.xtec.cat\/ceipvistaalegre\/wp-json\/wp\/v2\/tags?post=10486"}],"curies":[{"name":"wp","href":"https:\/\/api.w.org\/{rel}","templated":true}]}}