{"id":10482,"date":"2024-10-29T19:04:38","date_gmt":"2024-10-29T18:04:38","guid":{"rendered":"https:\/\/agora.xtec.cat\/ceipvistaalegre\/?p=10482"},"modified":"2024-10-29T19:04:38","modified_gmt":"2024-10-29T18:04:38","slug":"decoracio-halloween","status":"publish","type":"post","link":"https:\/\/agora.xtec.cat\/ceipvistaalegre\/primaria\/5e\/decoracio-halloween\/","title":{"rendered":"DECORACI\u00d3 HALLOWEEN"},"content":{"rendered":"<p>Ja arriba la primera festa del curs. Un any m\u00e9s celebrem la Castanyada i Halloween. \u00c9s per aix\u00f2, que a la classe de tallers els nens i nenes de 5\u00e8 i 6\u00e8 han preparat unes manualitats per decorar un dels espais de l&#8217;escola de Halloween.<\/p>\n<p>El dilluns es va penjar la decoraci\u00f3 al suro que tenim\u00a0 prop de les classes de cinqu\u00e8 i sis\u00e8. Ha quedat una decoraci\u00f3 molt divertida!!<\/p>\n<p><img loading=\"lazy\" decoding=\"async\" class=\"alignnone  wp-image-10483\" src=\"https:\/\/agora.xtec.cat\/ceipvistaalegre\/wp-content\/uploads\/usu1936\/2024\/10\/WhatsApp-Image-2024-10-29-at-18.58.55-768x1024.jpeg\" alt=\"\" width=\"293\" height=\"390\" srcset=\"https:\/\/agora.xtec.cat\/ceipvistaalegre\/wp-content\/uploads\/usu1936\/2024\/10\/WhatsApp-Image-2024-10-29-at-18.58.55-768x1024.jpeg 768w, https:\/\/agora.xtec.cat\/ceipvistaalegre\/wp-content\/uploads\/usu1936\/2024\/10\/WhatsApp-Image-2024-10-29-at-18.58.55-225x300.jpeg 225w, https:\/\/agora.xtec.cat\/ceipvistaalegre\/wp-content\/uploads\/usu1936\/2024\/10\/WhatsApp-Image-2024-10-29-at-18.58.55-1152x1536.jpeg 1152w, https:\/\/agora.xtec.cat\/ceipvistaalegre\/wp-content\/uploads\/usu1936\/2024\/10\/WhatsApp-Image-2024-10-29-at-18.58.55.jpeg 1536w\" sizes=\"auto, (max-width: 293px) 100vw, 293px\" \/><\/p>\n<p><img loading=\"lazy\" decoding=\"async\" class=\"alignnone  wp-image-10484\" src=\"https:\/\/agora.xtec.cat\/ceipvistaalegre\/wp-content\/uploads\/usu1936\/2024\/10\/WhatsApp-Image-2024-10-29-at-18.59.35-768x1024.jpeg\" alt=\"\" width=\"292\" height=\"390\" srcset=\"https:\/\/agora.xtec.cat\/ceipvistaalegre\/wp-content\/uploads\/usu1936\/2024\/10\/WhatsApp-Image-2024-10-29-at-18.59.35-768x1024.jpeg 768w, https:\/\/agora.xtec.cat\/ceipvistaalegre\/wp-content\/uploads\/usu1936\/2024\/10\/WhatsApp-Image-2024-10-29-at-18.59.35-225x300.jpeg 225w, https:\/\/agora.xtec.cat\/ceipvistaalegre\/wp-content\/uploads\/usu1936\/2024\/10\/WhatsApp-Image-2024-10-29-at-18.59.35-1152x1536.jpeg 1152w, https:\/\/agora.xtec.cat\/ceipvistaalegre\/wp-content\/uploads\/usu1936\/2024\/10\/WhatsApp-Image-2024-10-29-at-18.59.35.jpeg 1536w\" sizes=\"auto, (max-width: 292px) 100vw, 292px\" \/><\/p>\n","protected":false},"excerpt":{"rendered":"<p>Ja arriba la primera festa del curs. Un any m\u00e9s celebrem la Castanyada i Halloween. \u00c9s per aix\u00f2, que a la classe de tallers els nens i nenes de 5\u00e8 i 6\u00e8 han preparat unes manualitats per decorar un dels espais de l&#8217;escola de Halloween.<br \/>\nEl&hellip;  <a href=\"https:\/\/agora.xtec.cat\/ceipvistaalegre\/primaria\/5e\/decoracio-halloween\/\" title=\"Read DECORACI\u00d3 HALLOWEEN\">Llegeix m\u00e9s\u00bb<\/a><\/p>\n","protected":false},"author":18,"featured_media":0,"comment_status":"open","ping_status":"closed","sticky":false,"template":"","format":"standard","meta":{"_bbp_topic_count":0,"_bbp_reply_count":0,"_bbp_total_topic_count":0,"_bbp_total_reply_count":0,"_bbp_voice_count":0,"_bbp_anonymous_reply_count":0,"_bbp_topic_count_hidden":0,"_bbp_reply_count_hidden":0,"_bbp_forum_subforum_count":0,"footnotes":""},"categories":[14],"tags":[],"class_list":["post-10482","post","type-post","status-publish","format-standard","hentry","category-5e"],"post_mailing_queue_ids":[],"_links":{"self":[{"href":"https:\/\/agora.xtec.cat\/ceipvistaalegre\/wp-json\/wp\/v2\/posts\/10482","targetHints":{"allow":["GET"]}}],"collection":[{"href":"https:\/\/agora.xtec.cat\/ceipvistaalegre\/wp-json\/wp\/v2\/posts"}],"about":[{"href":"https:\/\/agora.xtec.cat\/ceipvistaalegre\/wp-json\/wp\/v2\/types\/post"}],"author":[{"embeddable":true,"href":"https:\/\/agora.xtec.cat\/ceipvistaalegre\/wp-json\/wp\/v2\/users\/18"}],"replies":[{"embeddable":true,"href":"https:\/\/agora.xtec.cat\/ceipvistaalegre\/wp-json\/wp\/v2\/comments?post=10482"}],"version-history":[{"count":1,"href":"https:\/\/agora.xtec.cat\/ceipvistaalegre\/wp-json\/wp\/v2\/posts\/10482\/revisions"}],"predecessor-version":[{"id":10485,"href":"https:\/\/agora.xtec.cat\/ceipvistaalegre\/wp-json\/wp\/v2\/posts\/10482\/revisions\/10485"}],"wp:attachment":[{"href":"https:\/\/agora.xtec.cat\/ceipvistaalegre\/wp-json\/wp\/v2\/media?parent=10482"}],"wp:term":[{"taxonomy":"category","embeddable":true,"href":"https:\/\/agora.xtec.cat\/ceipvistaalegre\/wp-json\/wp\/v2\/categories?post=10482"},{"taxonomy":"post_tag","embeddable":true,"href":"https:\/\/agora.xtec.cat\/ceipvistaalegre\/wp-json\/wp\/v2\/tags?post=10482"}],"curies":[{"name":"wp","href":"https:\/\/api.w.org\/{rel}","templated":true}]}}