{"id":10458,"date":"2024-10-23T15:31:49","date_gmt":"2024-10-23T13:31:49","guid":{"rendered":"https:\/\/agora.xtec.cat\/ceipvistaalegre\/?p=10458"},"modified":"2024-10-24T06:54:26","modified_gmt":"2024-10-24T04:54:26","slug":"mr-halloween","status":"publish","type":"post","link":"https:\/\/agora.xtec.cat\/ceipvistaalegre\/primaria\/4t\/mr-halloween\/","title":{"rendered":"Mr. Halloween"},"content":{"rendered":"<p>Ell \u00e9s el Mister Halloween, una carbasseta que va estar amb nosaltres des de 3r. Ell ens espera a la porta tots els dies, amb felicitat i preparat per a una nova aventura. \u00c9s taronja i la seva cueta \u00e9s verda. Tamb\u00e9 t\u00e9 un corbat\u00ed de color verd i unes grans sabates taronges. \u00c9s petit per\u00f2, molt bonic. Quan arriba Halloween, la M\u00f2nica ho posa a la porta i tots ens posem molt feli\u00e7os.<\/p>\n<p>Text escrit per la Luc\u00eda Ramos, 4t prim\u00e0ria<\/p>\n<p><a href=\"https:\/\/agora.xtec.cat\/ceipvistaalegre\/wp-content\/uploads\/usu1936\/2024\/10\/20241014_112006-scaled.jpg\"><img loading=\"lazy\" decoding=\"async\" class=\"alignleft size-medium wp-image-10459\" src=\"https:\/\/agora.xtec.cat\/ceipvistaalegre\/wp-content\/uploads\/usu1936\/2024\/10\/20241014_112006-229x300.jpg\" alt=\"\" width=\"229\" height=\"300\" srcset=\"https:\/\/agora.xtec.cat\/ceipvistaalegre\/wp-content\/uploads\/usu1936\/2024\/10\/20241014_112006-229x300.jpg 229w, https:\/\/agora.xtec.cat\/ceipvistaalegre\/wp-content\/uploads\/usu1936\/2024\/10\/20241014_112006-782x1024.jpg 782w, https:\/\/agora.xtec.cat\/ceipvistaalegre\/wp-content\/uploads\/usu1936\/2024\/10\/20241014_112006-768x1006.jpg 768w, https:\/\/agora.xtec.cat\/ceipvistaalegre\/wp-content\/uploads\/usu1936\/2024\/10\/20241014_112006-1172x1536.jpg 1172w, https:\/\/agora.xtec.cat\/ceipvistaalegre\/wp-content\/uploads\/usu1936\/2024\/10\/20241014_112006-1563x2048.jpg 1563w, https:\/\/agora.xtec.cat\/ceipvistaalegre\/wp-content\/uploads\/usu1936\/2024\/10\/20241014_112006-scaled.jpg 1954w\" sizes=\"auto, (max-width: 229px) 100vw, 229px\" \/><\/a><\/p>\n","protected":false},"excerpt":{"rendered":"<p>Ell \u00e9s el Mister Halloween, una carbasseta que va estar amb nosaltres des de 3r. Ell ens espera a la porta tots els dies, amb felicitat i preparat per a una nova aventura. \u00c9s taronja i la seva cueta \u00e9s verda. Tamb\u00e9 t\u00e9 un corbat\u00ed&hellip;  <a href=\"https:\/\/agora.xtec.cat\/ceipvistaalegre\/primaria\/4t\/mr-halloween\/\" title=\"Read Mr. Halloween\">Llegeix m\u00e9s\u00bb<\/a><\/p>\n","protected":false},"author":7,"featured_media":0,"comment_status":"open","ping_status":"closed","sticky":false,"template":"","format":"standard","meta":{"_bbp_topic_count":0,"_bbp_reply_count":0,"_bbp_total_topic_count":0,"_bbp_total_reply_count":0,"_bbp_voice_count":0,"_bbp_anonymous_reply_count":0,"_bbp_topic_count_hidden":0,"_bbp_reply_count_hidden":0,"_bbp_forum_subforum_count":0,"footnotes":""},"categories":[13],"tags":[],"class_list":["post-10458","post","type-post","status-publish","format-standard","hentry","category-4t"],"post_mailing_queue_ids":[],"_links":{"self":[{"href":"https:\/\/agora.xtec.cat\/ceipvistaalegre\/wp-json\/wp\/v2\/posts\/10458","targetHints":{"allow":["GET"]}}],"collection":[{"href":"https:\/\/agora.xtec.cat\/ceipvistaalegre\/wp-json\/wp\/v2\/posts"}],"about":[{"href":"https:\/\/agora.xtec.cat\/ceipvistaalegre\/wp-json\/wp\/v2\/types\/post"}],"author":[{"embeddable":true,"href":"https:\/\/agora.xtec.cat\/ceipvistaalegre\/wp-json\/wp\/v2\/users\/7"}],"replies":[{"embeddable":true,"href":"https:\/\/agora.xtec.cat\/ceipvistaalegre\/wp-json\/wp\/v2\/comments?post=10458"}],"version-history":[{"count":2,"href":"https:\/\/agora.xtec.cat\/ceipvistaalegre\/wp-json\/wp\/v2\/posts\/10458\/revisions"}],"predecessor-version":[{"id":10461,"href":"https:\/\/agora.xtec.cat\/ceipvistaalegre\/wp-json\/wp\/v2\/posts\/10458\/revisions\/10461"}],"wp:attachment":[{"href":"https:\/\/agora.xtec.cat\/ceipvistaalegre\/wp-json\/wp\/v2\/media?parent=10458"}],"wp:term":[{"taxonomy":"category","embeddable":true,"href":"https:\/\/agora.xtec.cat\/ceipvistaalegre\/wp-json\/wp\/v2\/categories?post=10458"},{"taxonomy":"post_tag","embeddable":true,"href":"https:\/\/agora.xtec.cat\/ceipvistaalegre\/wp-json\/wp\/v2\/tags?post=10458"}],"curies":[{"name":"wp","href":"https:\/\/api.w.org\/{rel}","templated":true}]}}