{"id":10443,"date":"2024-10-17T13:50:16","date_gmt":"2024-10-17T11:50:16","guid":{"rendered":"https:\/\/agora.xtec.cat\/ceipvistaalegre\/?p=10443"},"modified":"2024-10-17T22:51:03","modified_gmt":"2024-10-17T20:51:03","slug":"la-classe-di3-ja-tenim-nom","status":"publish","type":"post","link":"https:\/\/agora.xtec.cat\/ceipvistaalegre\/infantil\/infantil-3-anys\/la-classe-di3-ja-tenim-nom\/","title":{"rendered":"La classe d&#8217;I3 ja tenim nom."},"content":{"rendered":"<div><a href=\"https:\/\/agora.xtec.cat\/ceipvistaalegre\/infantil\/infantil-3-anys\/la-classe-di3-ja-tenim-nom\/attachment\/img_7948-1\/\" rel=\"attachment wp-att-10444\"><img loading=\"lazy\" decoding=\"async\" class=\"aligncenter size-full wp-image-10444\" src=\"https:\/\/agora.xtec.cat\/ceipvistaalegre\/wp-content\/uploads\/usu1936\/2024\/10\/IMG_7948-1.jpg\" alt=\"\" width=\"2048\" height=\"2048\" srcset=\"https:\/\/agora.xtec.cat\/ceipvistaalegre\/wp-content\/uploads\/usu1936\/2024\/10\/IMG_7948-1.jpg 2048w, https:\/\/agora.xtec.cat\/ceipvistaalegre\/wp-content\/uploads\/usu1936\/2024\/10\/IMG_7948-1-300x300.jpg 300w, https:\/\/agora.xtec.cat\/ceipvistaalegre\/wp-content\/uploads\/usu1936\/2024\/10\/IMG_7948-1-1024x1024.jpg 1024w, https:\/\/agora.xtec.cat\/ceipvistaalegre\/wp-content\/uploads\/usu1936\/2024\/10\/IMG_7948-1-150x150.jpg 150w, https:\/\/agora.xtec.cat\/ceipvistaalegre\/wp-content\/uploads\/usu1936\/2024\/10\/IMG_7948-1-768x768.jpg 768w, https:\/\/agora.xtec.cat\/ceipvistaalegre\/wp-content\/uploads\/usu1936\/2024\/10\/IMG_7948-1-1536x1536.jpg 1536w\" sizes=\"auto, (max-width: 2048px) 100vw, 2048px\" \/><\/a><\/div>\n<p>&nbsp;<\/p>\n<p>Aquest mat\u00ed hem rebut una carta del Drac Alegre de l&#8217;escola on diu que ens ha preparat un joc de pistes molt divertit i que al final trobarem el nom de la nostra classe. Hem descobert 6 pistes per diferents llocs de l&#8217;escola. A cada pista hem trobat una pe\u00e7a del trencaclosques. Finalment ha sortit la imatge del Dragali\u00f3 de Matar\u00f3.<\/p>\n<p>Doncs som la classe del DRAGALI\u00d3.<\/p>\n","protected":false},"excerpt":{"rendered":"<p><a href=\"https:\/\/agora.xtec.cat\/ceipvistaalegre\/infantil\/infantil-3-anys\/la-classe-di3-ja-tenim-nom\/attachment\/img_7948-1\/\" rel=\"attachment wp-att-10444\"><\/a><br \/>\n&nbsp;<br \/>\nAquest mat\u00ed hem rebut una carta del Drac Alegre de l&#8217;escola on diu que ens ha preparat un joc de pistes molt divertit i que al final trobarem el nom de la nostra classe. Hem descobert 6 pistes per diferents llocs de&hellip;  <a href=\"https:\/\/agora.xtec.cat\/ceipvistaalegre\/infantil\/infantil-3-anys\/la-classe-di3-ja-tenim-nom\/\" title=\"Read La classe d&#8217;I3 ja tenim nom.\">Llegeix m\u00e9s\u00bb<\/a><\/p>\n","protected":false},"author":4,"featured_media":0,"comment_status":"open","ping_status":"closed","sticky":false,"template":"","format":"standard","meta":{"_bbp_topic_count":0,"_bbp_reply_count":0,"_bbp_total_topic_count":0,"_bbp_total_reply_count":0,"_bbp_voice_count":0,"_bbp_anonymous_reply_count":0,"_bbp_topic_count_hidden":0,"_bbp_reply_count_hidden":0,"_bbp_forum_subforum_count":0,"footnotes":""},"categories":[3],"tags":[332,324,286],"class_list":["post-10443","post","type-post","status-publish","format-standard","hentry","category-infantil-3-anys","tag-dragalio","tag-les-santes","tag-projecte-nom-de-la-classe"],"post_mailing_queue_ids":[],"_links":{"self":[{"href":"https:\/\/agora.xtec.cat\/ceipvistaalegre\/wp-json\/wp\/v2\/posts\/10443","targetHints":{"allow":["GET"]}}],"collection":[{"href":"https:\/\/agora.xtec.cat\/ceipvistaalegre\/wp-json\/wp\/v2\/posts"}],"about":[{"href":"https:\/\/agora.xtec.cat\/ceipvistaalegre\/wp-json\/wp\/v2\/types\/post"}],"author":[{"embeddable":true,"href":"https:\/\/agora.xtec.cat\/ceipvistaalegre\/wp-json\/wp\/v2\/users\/4"}],"replies":[{"embeddable":true,"href":"https:\/\/agora.xtec.cat\/ceipvistaalegre\/wp-json\/wp\/v2\/comments?post=10443"}],"version-history":[{"count":3,"href":"https:\/\/agora.xtec.cat\/ceipvistaalegre\/wp-json\/wp\/v2\/posts\/10443\/revisions"}],"predecessor-version":[{"id":10447,"href":"https:\/\/agora.xtec.cat\/ceipvistaalegre\/wp-json\/wp\/v2\/posts\/10443\/revisions\/10447"}],"wp:attachment":[{"href":"https:\/\/agora.xtec.cat\/ceipvistaalegre\/wp-json\/wp\/v2\/media?parent=10443"}],"wp:term":[{"taxonomy":"category","embeddable":true,"href":"https:\/\/agora.xtec.cat\/ceipvistaalegre\/wp-json\/wp\/v2\/categories?post=10443"},{"taxonomy":"post_tag","embeddable":true,"href":"https:\/\/agora.xtec.cat\/ceipvistaalegre\/wp-json\/wp\/v2\/tags?post=10443"}],"curies":[{"name":"wp","href":"https:\/\/api.w.org\/{rel}","templated":true}]}}