{"id":10415,"date":"2024-10-15T18:17:30","date_gmt":"2024-10-15T16:17:30","guid":{"rendered":"https:\/\/agora.xtec.cat\/ceipvistaalegre\/?p=10415"},"modified":"2024-10-15T18:20:58","modified_gmt":"2024-10-15T16:20:58","slug":"comencen-les-gravacions-de-el-podcast-mes-alegre","status":"publish","type":"post","link":"https:\/\/agora.xtec.cat\/ceipvistaalegre\/primaria\/6e\/comencen-les-gravacions-de-el-podcast-mes-alegre\/","title":{"rendered":"Primeres gravacions de &#8220;El p\u00f2dcast alegre&#8221;"},"content":{"rendered":"<p>Aquest curs, els nens i nenes de 6\u00e8 han iniciat un projecte per fomentar la compet\u00e8ncia oral a llengua catalana. Es tracta de l&#8217;elaboraci\u00f3 d&#8217;un p\u00f2dcast que publicaran cada mes. Els p\u00f2dcasts tindran diferents seccions: acudits, not\u00edcies d&#8217;escola, aniversaris&#8230;<\/p>\n<p>Durant les sessions d&#8217;expressi\u00f3 oral s&#8217;encarreguen de preparar el gui\u00f3, buscar la informaci\u00f3, buscar la m\u00fasica&#8230;<\/p>\n<p>Com si fossin uns professionals, s&#8217;han posat davant del micr\u00f2fon amb els seus auriculars i han comen\u00e7at les primeres gravacions.<a href=\"https:\/\/agora.xtec.cat\/ceipvistaalegre\/wp-content\/uploads\/usu1936\/2024\/10\/IMG_20241015_175619.jpg\"><br \/>\n<img loading=\"lazy\" decoding=\"async\" class=\"aligncenter wp-image-10416 \" src=\"https:\/\/agora.xtec.cat\/ceipvistaalegre\/wp-content\/uploads\/usu1936\/2024\/10\/IMG_20241015_175619.jpg\" alt=\"\" width=\"250\" height=\"337\" srcset=\"https:\/\/agora.xtec.cat\/ceipvistaalegre\/wp-content\/uploads\/usu1936\/2024\/10\/IMG_20241015_175619.jpg 1060w, https:\/\/agora.xtec.cat\/ceipvistaalegre\/wp-content\/uploads\/usu1936\/2024\/10\/IMG_20241015_175619-223x300.jpg 223w, https:\/\/agora.xtec.cat\/ceipvistaalegre\/wp-content\/uploads\/usu1936\/2024\/10\/IMG_20241015_175619-760x1024.jpg 760w, https:\/\/agora.xtec.cat\/ceipvistaalegre\/wp-content\/uploads\/usu1936\/2024\/10\/IMG_20241015_175619-768x1035.jpg 768w\" sizes=\"auto, (max-width: 250px) 100vw, 250px\" \/><\/a><\/p>\n<p>Estigueu ben atents i atentes, perqu\u00e8 en breu podreu escoltar el p\u00f2dcast d&#8217;octubre!<\/p>\n","protected":false},"excerpt":{"rendered":"<p>Aquest curs, els nens i nenes de 6\u00e8 han iniciat un projecte per fomentar la compet\u00e8ncia oral a llengua catalana. Es tracta de l&#8217;elaboraci\u00f3 d&#8217;un p\u00f2dcast que publicaran cada mes. Els p\u00f2dcasts tindran diferents seccions: acudits, not\u00edcies d&#8217;escola, aniversaris&#8230;<br \/>\nDurant les sessions d&#8217;expressi\u00f3 oral s&#8217;encarreguen de&hellip;  <a href=\"https:\/\/agora.xtec.cat\/ceipvistaalegre\/primaria\/6e\/comencen-les-gravacions-de-el-podcast-mes-alegre\/\" title=\"Read Primeres gravacions de &#8220;El p\u00f2dcast alegre&#8221;\">Llegeix m\u00e9s\u00bb<\/a><\/p>\n","protected":false},"author":3,"featured_media":0,"comment_status":"open","ping_status":"closed","sticky":false,"template":"","format":"standard","meta":{"_bbp_topic_count":0,"_bbp_reply_count":0,"_bbp_total_topic_count":0,"_bbp_total_reply_count":0,"_bbp_voice_count":0,"_bbp_anonymous_reply_count":0,"_bbp_topic_count_hidden":0,"_bbp_reply_count_hidden":0,"_bbp_forum_subforum_count":0,"footnotes":""},"categories":[15],"tags":[],"class_list":["post-10415","post","type-post","status-publish","format-standard","hentry","category-6e"],"post_mailing_queue_ids":[],"_links":{"self":[{"href":"https:\/\/agora.xtec.cat\/ceipvistaalegre\/wp-json\/wp\/v2\/posts\/10415","targetHints":{"allow":["GET"]}}],"collection":[{"href":"https:\/\/agora.xtec.cat\/ceipvistaalegre\/wp-json\/wp\/v2\/posts"}],"about":[{"href":"https:\/\/agora.xtec.cat\/ceipvistaalegre\/wp-json\/wp\/v2\/types\/post"}],"author":[{"embeddable":true,"href":"https:\/\/agora.xtec.cat\/ceipvistaalegre\/wp-json\/wp\/v2\/users\/3"}],"replies":[{"embeddable":true,"href":"https:\/\/agora.xtec.cat\/ceipvistaalegre\/wp-json\/wp\/v2\/comments?post=10415"}],"version-history":[{"count":3,"href":"https:\/\/agora.xtec.cat\/ceipvistaalegre\/wp-json\/wp\/v2\/posts\/10415\/revisions"}],"predecessor-version":[{"id":10420,"href":"https:\/\/agora.xtec.cat\/ceipvistaalegre\/wp-json\/wp\/v2\/posts\/10415\/revisions\/10420"}],"wp:attachment":[{"href":"https:\/\/agora.xtec.cat\/ceipvistaalegre\/wp-json\/wp\/v2\/media?parent=10415"}],"wp:term":[{"taxonomy":"category","embeddable":true,"href":"https:\/\/agora.xtec.cat\/ceipvistaalegre\/wp-json\/wp\/v2\/categories?post=10415"},{"taxonomy":"post_tag","embeddable":true,"href":"https:\/\/agora.xtec.cat\/ceipvistaalegre\/wp-json\/wp\/v2\/tags?post=10415"}],"curies":[{"name":"wp","href":"https:\/\/api.w.org\/{rel}","templated":true}]}}