{"id":10363,"date":"2024-10-06T21:09:25","date_gmt":"2024-10-06T19:09:25","guid":{"rendered":"https:\/\/agora.xtec.cat\/ceipvistaalegre\/?p=10363"},"modified":"2024-10-06T21:10:59","modified_gmt":"2024-10-06T19:10:59","slug":"teatre-liceu","status":"publish","type":"post","link":"https:\/\/agora.xtec.cat\/ceipvistaalegre\/general\/teatre-liceu\/","title":{"rendered":"TEATRE LICEU"},"content":{"rendered":"<p>El passat dijous 3 d&#8217;octubre vam visitar el gran teatre Liceu de Barcelona, per veure La petita Flauta m\u00e0gica. Vam gaudir d&#8217;una obra fant\u00e0stica i d&#8217;un espai espectacular. Ens ho vam passar molt b\u00e9!!<\/p>\n<p><a href=\"https:\/\/agora.xtec.cat\/ceipvistaalegre\/wp-content\/uploads\/usu1936\/2024\/10\/SORTIDA-AL-LICEU-LA-PETITA-FLAUTA-MAGICA-1.png\"><img loading=\"lazy\" decoding=\"async\" class=\"wp-image-10364 aligncenter\" src=\"https:\/\/agora.xtec.cat\/ceipvistaalegre\/wp-content\/uploads\/usu1936\/2024\/10\/SORTIDA-AL-LICEU-LA-PETITA-FLAUTA-MAGICA-1-682x1024.png\" alt=\"\" width=\"368\" height=\"552\" srcset=\"https:\/\/agora.xtec.cat\/ceipvistaalegre\/wp-content\/uploads\/usu1936\/2024\/10\/SORTIDA-AL-LICEU-LA-PETITA-FLAUTA-MAGICA-1-682x1024.png 682w, https:\/\/agora.xtec.cat\/ceipvistaalegre\/wp-content\/uploads\/usu1936\/2024\/10\/SORTIDA-AL-LICEU-LA-PETITA-FLAUTA-MAGICA-1-200x300.png 200w, https:\/\/agora.xtec.cat\/ceipvistaalegre\/wp-content\/uploads\/usu1936\/2024\/10\/SORTIDA-AL-LICEU-LA-PETITA-FLAUTA-MAGICA-1-768x1152.png 768w, https:\/\/agora.xtec.cat\/ceipvistaalegre\/wp-content\/uploads\/usu1936\/2024\/10\/SORTIDA-AL-LICEU-LA-PETITA-FLAUTA-MAGICA-1-1024x1536.png 1024w, https:\/\/agora.xtec.cat\/ceipvistaalegre\/wp-content\/uploads\/usu1936\/2024\/10\/SORTIDA-AL-LICEU-LA-PETITA-FLAUTA-MAGICA-1.png 1333w\" sizes=\"auto, (max-width: 368px) 100vw, 368px\" \/><\/a><\/p>\n","protected":false},"excerpt":{"rendered":"<p>El passat dijous 3 d&#8217;octubre vam visitar el gran teatre Liceu de Barcelona, per veure La petita Flauta m\u00e0gica. Vam gaudir d&#8217;una obra fant\u00e0stica i d&#8217;un espai espectacular. Ens ho vam passar molt b\u00e9!!<br \/>\n<a href=\"https:\/\/agora.xtec.cat\/ceipvistaalegre\/wp-content\/uploads\/usu1936\/2024\/10\/SORTIDA-AL-LICEU-LA-PETITA-FLAUTA-MAGICA-1.png\"><\/a><\/p>\n","protected":false},"author":25,"featured_media":0,"comment_status":"open","ping_status":"closed","sticky":false,"template":"","format":"standard","meta":{"_bbp_topic_count":0,"_bbp_reply_count":0,"_bbp_total_topic_count":0,"_bbp_total_reply_count":0,"_bbp_voice_count":0,"_bbp_anonymous_reply_count":0,"_bbp_topic_count_hidden":0,"_bbp_reply_count_hidden":0,"_bbp_forum_subforum_count":0,"footnotes":""},"categories":[10,1],"tags":[],"class_list":["post-10363","post","type-post","status-publish","format-standard","hentry","category-1r","category-general"],"post_mailing_queue_ids":[],"_links":{"self":[{"href":"https:\/\/agora.xtec.cat\/ceipvistaalegre\/wp-json\/wp\/v2\/posts\/10363","targetHints":{"allow":["GET"]}}],"collection":[{"href":"https:\/\/agora.xtec.cat\/ceipvistaalegre\/wp-json\/wp\/v2\/posts"}],"about":[{"href":"https:\/\/agora.xtec.cat\/ceipvistaalegre\/wp-json\/wp\/v2\/types\/post"}],"author":[{"embeddable":true,"href":"https:\/\/agora.xtec.cat\/ceipvistaalegre\/wp-json\/wp\/v2\/users\/25"}],"replies":[{"embeddable":true,"href":"https:\/\/agora.xtec.cat\/ceipvistaalegre\/wp-json\/wp\/v2\/comments?post=10363"}],"version-history":[{"count":1,"href":"https:\/\/agora.xtec.cat\/ceipvistaalegre\/wp-json\/wp\/v2\/posts\/10363\/revisions"}],"predecessor-version":[{"id":10365,"href":"https:\/\/agora.xtec.cat\/ceipvistaalegre\/wp-json\/wp\/v2\/posts\/10363\/revisions\/10365"}],"wp:attachment":[{"href":"https:\/\/agora.xtec.cat\/ceipvistaalegre\/wp-json\/wp\/v2\/media?parent=10363"}],"wp:term":[{"taxonomy":"category","embeddable":true,"href":"https:\/\/agora.xtec.cat\/ceipvistaalegre\/wp-json\/wp\/v2\/categories?post=10363"},{"taxonomy":"post_tag","embeddable":true,"href":"https:\/\/agora.xtec.cat\/ceipvistaalegre\/wp-json\/wp\/v2\/tags?post=10363"}],"curies":[{"name":"wp","href":"https:\/\/api.w.org\/{rel}","templated":true}]}}