{"id":10361,"date":"2024-10-08T19:28:18","date_gmt":"2024-10-08T17:28:18","guid":{"rendered":"https:\/\/agora.xtec.cat\/ceipvistaalegre\/?p=10361"},"modified":"2024-10-08T19:28:18","modified_gmt":"2024-10-08T17:28:18","slug":"racons-de-tardor-2","status":"publish","type":"post","link":"https:\/\/agora.xtec.cat\/ceipvistaalegre\/infantil\/infantil-4-anys\/racons-de-tardor-2\/","title":{"rendered":"Racons de Tardor."},"content":{"rendered":"<p><a href=\"https:\/\/agora.xtec.cat\/ceipvistaalegre\/infantil\/infantil-4-anys\/racons-de-tardor-2\/attachment\/photo-output-5-1\/\" rel=\"attachment wp-att-10395\"><img loading=\"lazy\" decoding=\"async\" class=\"aligncenter size-full wp-image-10395\" src=\"https:\/\/agora.xtec.cat\/ceipvistaalegre\/wp-content\/uploads\/usu1936\/2024\/10\/photo-output-5-1-scaled.jpg\" alt=\"\" width=\"2560\" height=\"2560\" srcset=\"https:\/\/agora.xtec.cat\/ceipvistaalegre\/wp-content\/uploads\/usu1936\/2024\/10\/photo-output-5-1-scaled.jpg 2560w, https:\/\/agora.xtec.cat\/ceipvistaalegre\/wp-content\/uploads\/usu1936\/2024\/10\/photo-output-5-1-300x300.jpg 300w, https:\/\/agora.xtec.cat\/ceipvistaalegre\/wp-content\/uploads\/usu1936\/2024\/10\/photo-output-5-1-1024x1024.jpg 1024w, https:\/\/agora.xtec.cat\/ceipvistaalegre\/wp-content\/uploads\/usu1936\/2024\/10\/photo-output-5-1-150x150.jpg 150w, https:\/\/agora.xtec.cat\/ceipvistaalegre\/wp-content\/uploads\/usu1936\/2024\/10\/photo-output-5-1-768x768.jpg 768w, https:\/\/agora.xtec.cat\/ceipvistaalegre\/wp-content\/uploads\/usu1936\/2024\/10\/photo-output-5-1-1536x1536.jpg 1536w, https:\/\/agora.xtec.cat\/ceipvistaalegre\/wp-content\/uploads\/usu1936\/2024\/10\/photo-output-5-1-2048x2048.jpg 2048w\" sizes=\"auto, (max-width: 2560px) 100vw, 2560px\" \/><\/a><\/p>\n<p>Ja hem comen\u00e7at els racons de Tardor amb els que estem coneixent els elements, els colors, les textures que aquesta estaci\u00f3 ens dona. Ho fem a trav\u00e9s de 4 racons:<\/p>\n<ul>\n<li><em><strong>Rac\u00f3 del llenguatge<\/strong>: c<\/em>on\u00e8ixer el nom dels diferents elements, comptar les s\u00edl\u00b7labes, identificar el so inicial, escriure&#8230;<\/li>\n<li><em><strong>Rac\u00f3 de numeraci\u00f3<\/strong>: <\/em>comptar fulles i trobar el seu arbre, utilitzar la graella base 10, escriure els nombres&#8230;<\/li>\n<li><em><strong>Rac\u00f3 creatiu<\/strong>: <\/em>collage amb fulles de tardor troquelades.<\/li>\n<li><em><strong>Rac\u00f3 del mini m\u00f3n<\/strong>: <\/em>recreaci\u00f3 i construcci\u00f3 d&#8217;un bosc amb diferents elements de la tardor.<\/li>\n<\/ul>\n","protected":false},"excerpt":{"rendered":"<p><a href=\"https:\/\/agora.xtec.cat\/ceipvistaalegre\/infantil\/infantil-4-anys\/racons-de-tardor-2\/attachment\/photo-output-5-1\/\" rel=\"attachment wp-att-10395\"><\/a><br \/>\nJa hem comen\u00e7at els racons de Tardor amb els que estem coneixent els elements, els colors, les textures que aquesta estaci\u00f3 ens dona. Ho fem a trav\u00e9s de 4 racons:<\/p>\n<ul>\n<li>Rac\u00f3 del llenguatge: con\u00e8ixer el nom dels diferents elements, comptar les s\u00edl\u00b7labes, identificar&hellip;  <a href=\"https:\/\/agora.xtec.cat\/ceipvistaalegre\/infantil\/infantil-4-anys\/racons-de-tardor-2\/\" title=\"Read Racons de Tardor.\">Llegeix m\u00e9s\u00bb<\/a><br \/>\n","protected":false},"author":4,"featured_media":0,"comment_status":"open","ping_status":"closed","sticky":false,"template":"","format":"standard","meta":{"_bbp_topic_count":0,"_bbp_reply_count":0,"_bbp_total_topic_count":0,"_bbp_total_reply_count":0,"_bbp_voice_count":0,"_bbp_anonymous_reply_count":0,"_bbp_topic_count_hidden":0,"_bbp_reply_count_hidden":0,"_bbp_forum_subforum_count":0,"footnotes":""},"categories":[8],"tags":[328,262,318,330,329,228,153,147,327],"class_list":["post-10361","post","type-post","status-publish","format-standard","hentry","category-infantil-4-anys","tag-consciencia-f","tag-creatiu","tag-descoberta-de-lentorn","tag-llenguatge-matematic","tag-llenguatge-plastic","tag-llenguatge-verbal","tag-numeracio","tag-racons","tag-racons-tardor"],"post_mailing_queue_ids":[],"_links":{"self":[{"href":"https:\/\/agora.xtec.cat\/ceipvistaalegre\/wp-json\/wp\/v2\/posts\/10361","targetHints":{"allow":["GET"]}}],"collection":[{"href":"https:\/\/agora.xtec.cat\/ceipvistaalegre\/wp-json\/wp\/v2\/posts"}],"about":[{"href":"https:\/\/agora.xtec.cat\/ceipvistaalegre\/wp-json\/wp\/v2\/types\/post"}],"author":[{"embeddable":true,"href":"https:\/\/agora.xtec.cat\/ceipvistaalegre\/wp-json\/wp\/v2\/users\/4"}],"replies":[{"embeddable":true,"href":"https:\/\/agora.xtec.cat\/ceipvistaalegre\/wp-json\/wp\/v2\/comments?post=10361"}],"version-history":[{"count":3,"href":"https:\/\/agora.xtec.cat\/ceipvistaalegre\/wp-json\/wp\/v2\/posts\/10361\/revisions"}],"predecessor-version":[{"id":10397,"href":"https:\/\/agora.xtec.cat\/ceipvistaalegre\/wp-json\/wp\/v2\/posts\/10361\/revisions\/10397"}],"wp:attachment":[{"href":"https:\/\/agora.xtec.cat\/ceipvistaalegre\/wp-json\/wp\/v2\/media?parent=10361"}],"wp:term":[{"taxonomy":"category","embeddable":true,"href":"https:\/\/agora.xtec.cat\/ceipvistaalegre\/wp-json\/wp\/v2\/categories?post=10361"},{"taxonomy":"post_tag","embeddable":true,"href":"https:\/\/agora.xtec.cat\/ceipvistaalegre\/wp-json\/wp\/v2\/tags?post=10361"}],"curies":[{"name":"wp","href":"https:\/\/api.w.org\/{rel}","templated":true}]}}