{"id":10300,"date":"2024-10-03T19:35:40","date_gmt":"2024-10-03T17:35:40","guid":{"rendered":"https:\/\/agora.xtec.cat\/ceipvistaalegre\/?p=10300"},"modified":"2024-10-03T19:37:20","modified_gmt":"2024-10-03T17:37:20","slug":"la-flauta-magica","status":"publish","type":"post","link":"https:\/\/agora.xtec.cat\/ceipvistaalegre\/primaria\/2n\/la-flauta-magica\/","title":{"rendered":"LA FLAUTA M\u00c0GICA"},"content":{"rendered":"<p>Avui ens hem quedat bocabadats admirant la bellesa del Gran Teatre del Liceu de Barcelona. Ens hem acostat per veure-hi la hist\u00f2ria de La Flauta M\u00e0gica de Mozart, una \u00f2pera on el protagonista \u00e9s l&#8217;ocellaire PAPAGENO, tan simp\u00e0tic i xerraire, i l&#8217;acompanyen PAPAGENA, TAMINO, PAMINA, LA REINA DE LA NIT, SARASTRO I MONOSTATOS.<\/p>\n<p><a href=\"https:\/\/agora.xtec.cat\/ceipvistaalegre\/wp-content\/uploads\/usu1936\/2024\/10\/EL-GRAN-TEATRE-DEL-LICEU-LA-FLAUTA-MAGICA.jpg\"><img loading=\"lazy\" decoding=\"async\" class=\"alignnone size-large wp-image-10299\" src=\"https:\/\/agora.xtec.cat\/ceipvistaalegre\/wp-content\/uploads\/usu1936\/2024\/10\/EL-GRAN-TEATRE-DEL-LICEU-LA-FLAUTA-MAGICA-1024x724.jpg\" alt=\"\" width=\"1024\" height=\"724\" srcset=\"https:\/\/agora.xtec.cat\/ceipvistaalegre\/wp-content\/uploads\/usu1936\/2024\/10\/EL-GRAN-TEATRE-DEL-LICEU-LA-FLAUTA-MAGICA-1024x724.jpg 1024w, https:\/\/agora.xtec.cat\/ceipvistaalegre\/wp-content\/uploads\/usu1936\/2024\/10\/EL-GRAN-TEATRE-DEL-LICEU-LA-FLAUTA-MAGICA-300x212.jpg 300w, https:\/\/agora.xtec.cat\/ceipvistaalegre\/wp-content\/uploads\/usu1936\/2024\/10\/EL-GRAN-TEATRE-DEL-LICEU-LA-FLAUTA-MAGICA-768x543.jpg 768w, https:\/\/agora.xtec.cat\/ceipvistaalegre\/wp-content\/uploads\/usu1936\/2024\/10\/EL-GRAN-TEATRE-DEL-LICEU-LA-FLAUTA-MAGICA-1536x1086.jpg 1536w, https:\/\/agora.xtec.cat\/ceipvistaalegre\/wp-content\/uploads\/usu1936\/2024\/10\/EL-GRAN-TEATRE-DEL-LICEU-LA-FLAUTA-MAGICA.jpg 2000w\" sizes=\"auto, (max-width: 1024px) 100vw, 1024px\" \/><\/a><\/p>\n","protected":false},"excerpt":{"rendered":"<p>Avui ens hem quedat bocabadats admirant la bellesa del Gran Teatre del Liceu de Barcelona. Ens hem acostat per veure-hi la hist\u00f2ria de La Flauta M\u00e0gica de Mozart, una \u00f2pera on el protagonista \u00e9s l&#8217;ocellaire PAPAGENO, tan simp\u00e0tic i xerraire, i l&#8217;acompanyen PAPAGENA, TAMINO, PAMINA,&hellip;  <a href=\"https:\/\/agora.xtec.cat\/ceipvistaalegre\/primaria\/2n\/la-flauta-magica\/\" title=\"Read LA FLAUTA M\u00c0GICA\">Llegeix m\u00e9s\u00bb<\/a><\/p>\n","protected":false},"author":9,"featured_media":0,"comment_status":"open","ping_status":"closed","sticky":false,"template":"","format":"standard","meta":{"_bbp_topic_count":0,"_bbp_reply_count":0,"_bbp_total_topic_count":0,"_bbp_total_reply_count":0,"_bbp_voice_count":0,"_bbp_anonymous_reply_count":0,"_bbp_topic_count_hidden":0,"_bbp_reply_count_hidden":0,"_bbp_forum_subforum_count":0,"footnotes":""},"categories":[11],"tags":[],"class_list":["post-10300","post","type-post","status-publish","format-standard","hentry","category-2n"],"post_mailing_queue_ids":[],"_links":{"self":[{"href":"https:\/\/agora.xtec.cat\/ceipvistaalegre\/wp-json\/wp\/v2\/posts\/10300","targetHints":{"allow":["GET"]}}],"collection":[{"href":"https:\/\/agora.xtec.cat\/ceipvistaalegre\/wp-json\/wp\/v2\/posts"}],"about":[{"href":"https:\/\/agora.xtec.cat\/ceipvistaalegre\/wp-json\/wp\/v2\/types\/post"}],"author":[{"embeddable":true,"href":"https:\/\/agora.xtec.cat\/ceipvistaalegre\/wp-json\/wp\/v2\/users\/9"}],"replies":[{"embeddable":true,"href":"https:\/\/agora.xtec.cat\/ceipvistaalegre\/wp-json\/wp\/v2\/comments?post=10300"}],"version-history":[{"count":1,"href":"https:\/\/agora.xtec.cat\/ceipvistaalegre\/wp-json\/wp\/v2\/posts\/10300\/revisions"}],"predecessor-version":[{"id":10301,"href":"https:\/\/agora.xtec.cat\/ceipvistaalegre\/wp-json\/wp\/v2\/posts\/10300\/revisions\/10301"}],"wp:attachment":[{"href":"https:\/\/agora.xtec.cat\/ceipvistaalegre\/wp-json\/wp\/v2\/media?parent=10300"}],"wp:term":[{"taxonomy":"category","embeddable":true,"href":"https:\/\/agora.xtec.cat\/ceipvistaalegre\/wp-json\/wp\/v2\/categories?post=10300"},{"taxonomy":"post_tag","embeddable":true,"href":"https:\/\/agora.xtec.cat\/ceipvistaalegre\/wp-json\/wp\/v2\/tags?post=10300"}],"curies":[{"name":"wp","href":"https:\/\/api.w.org\/{rel}","templated":true}]}}