{"id":10268,"date":"2024-09-25T23:10:25","date_gmt":"2024-09-25T21:10:25","guid":{"rendered":"https:\/\/agora.xtec.cat\/ceipvistaalegre\/?p=10268"},"modified":"2024-09-26T02:41:59","modified_gmt":"2024-09-26T00:41:59","slug":"tallers-3r-cicle","status":"publish","type":"post","link":"https:\/\/agora.xtec.cat\/ceipvistaalegre\/primaria\/5e\/tallers-3r-cicle\/","title":{"rendered":"Tallers 3r cicle"},"content":{"rendered":"<p>Els nens de 5\u00e8 i de 6\u00e8 fan tallers de pl\u00e0stica. La primera activitat consisteix en el fet que cadascun t\u00e9 la seva foto de perfil amb la silueta, a partir d&#8217;aqu\u00ed a dins, han de dibuixar tot all\u00f2 que \u00e9s important i els hi agrada com: menjar, esports, jocs, animals, llocs, colors&#8230;<\/p>\n<p>Estan fent uns treballs molt bonics i divertits!<\/p>\n<p><img loading=\"lazy\" decoding=\"async\" class=\"alignnone wp-image-10269\" src=\"https:\/\/agora.xtec.cat\/ceipvistaalegre\/wp-content\/uploads\/usu1936\/2024\/09\/WhatsApp-Image-2024-09-25-at-22.49.33-1024x768.jpeg\" alt=\"\" width=\"339\" height=\"254\" srcset=\"https:\/\/agora.xtec.cat\/ceipvistaalegre\/wp-content\/uploads\/usu1936\/2024\/09\/WhatsApp-Image-2024-09-25-at-22.49.33-1024x768.jpeg 1024w, https:\/\/agora.xtec.cat\/ceipvistaalegre\/wp-content\/uploads\/usu1936\/2024\/09\/WhatsApp-Image-2024-09-25-at-22.49.33-300x225.jpeg 300w, https:\/\/agora.xtec.cat\/ceipvistaalegre\/wp-content\/uploads\/usu1936\/2024\/09\/WhatsApp-Image-2024-09-25-at-22.49.33-768x576.jpeg 768w, https:\/\/agora.xtec.cat\/ceipvistaalegre\/wp-content\/uploads\/usu1936\/2024\/09\/WhatsApp-Image-2024-09-25-at-22.49.33-1536x1152.jpeg 1536w, https:\/\/agora.xtec.cat\/ceipvistaalegre\/wp-content\/uploads\/usu1936\/2024\/09\/WhatsApp-Image-2024-09-25-at-22.49.33-200x150.jpeg 200w, https:\/\/agora.xtec.cat\/ceipvistaalegre\/wp-content\/uploads\/usu1936\/2024\/09\/WhatsApp-Image-2024-09-25-at-22.49.33.jpeg 2048w\" sizes=\"auto, (max-width: 339px) 100vw, 339px\" \/><\/p>\n<p><img loading=\"lazy\" decoding=\"async\" class=\"alignnone wp-image-10270\" src=\"https:\/\/agora.xtec.cat\/ceipvistaalegre\/wp-content\/uploads\/usu1936\/2024\/09\/WhatsApp-Image-2024-09-25-at-22.50.01-1024x768.jpeg\" alt=\"\" width=\"340\" height=\"255\" srcset=\"https:\/\/agora.xtec.cat\/ceipvistaalegre\/wp-content\/uploads\/usu1936\/2024\/09\/WhatsApp-Image-2024-09-25-at-22.50.01-1024x768.jpeg 1024w, https:\/\/agora.xtec.cat\/ceipvistaalegre\/wp-content\/uploads\/usu1936\/2024\/09\/WhatsApp-Image-2024-09-25-at-22.50.01-300x225.jpeg 300w, https:\/\/agora.xtec.cat\/ceipvistaalegre\/wp-content\/uploads\/usu1936\/2024\/09\/WhatsApp-Image-2024-09-25-at-22.50.01-768x576.jpeg 768w, https:\/\/agora.xtec.cat\/ceipvistaalegre\/wp-content\/uploads\/usu1936\/2024\/09\/WhatsApp-Image-2024-09-25-at-22.50.01-1536x1152.jpeg 1536w, https:\/\/agora.xtec.cat\/ceipvistaalegre\/wp-content\/uploads\/usu1936\/2024\/09\/WhatsApp-Image-2024-09-25-at-22.50.01-200x150.jpeg 200w, https:\/\/agora.xtec.cat\/ceipvistaalegre\/wp-content\/uploads\/usu1936\/2024\/09\/WhatsApp-Image-2024-09-25-at-22.50.01.jpeg 2048w\" sizes=\"auto, (max-width: 340px) 100vw, 340px\" \/><\/p>\n","protected":false},"excerpt":{"rendered":"<p>Els nens de 5\u00e8 i de 6\u00e8 fan tallers de pl\u00e0stica. La primera activitat consisteix en el fet que cadascun t\u00e9 la seva foto de perfil amb la silueta, a partir d&#8217;aqu\u00ed a dins, han de dibuixar tot all\u00f2 que \u00e9s important i els hi&hellip;  <a href=\"https:\/\/agora.xtec.cat\/ceipvistaalegre\/primaria\/5e\/tallers-3r-cicle\/\" title=\"Read Tallers 3r cicle\">Llegeix m\u00e9s\u00bb<\/a><\/p>\n","protected":false},"author":18,"featured_media":0,"comment_status":"open","ping_status":"closed","sticky":false,"template":"","format":"standard","meta":{"_bbp_topic_count":0,"_bbp_reply_count":0,"_bbp_total_topic_count":0,"_bbp_total_reply_count":0,"_bbp_voice_count":0,"_bbp_anonymous_reply_count":0,"_bbp_topic_count_hidden":0,"_bbp_reply_count_hidden":0,"_bbp_forum_subforum_count":0,"footnotes":""},"categories":[14],"tags":[],"class_list":["post-10268","post","type-post","status-publish","format-standard","hentry","category-5e"],"post_mailing_queue_ids":[],"_links":{"self":[{"href":"https:\/\/agora.xtec.cat\/ceipvistaalegre\/wp-json\/wp\/v2\/posts\/10268","targetHints":{"allow":["GET"]}}],"collection":[{"href":"https:\/\/agora.xtec.cat\/ceipvistaalegre\/wp-json\/wp\/v2\/posts"}],"about":[{"href":"https:\/\/agora.xtec.cat\/ceipvistaalegre\/wp-json\/wp\/v2\/types\/post"}],"author":[{"embeddable":true,"href":"https:\/\/agora.xtec.cat\/ceipvistaalegre\/wp-json\/wp\/v2\/users\/18"}],"replies":[{"embeddable":true,"href":"https:\/\/agora.xtec.cat\/ceipvistaalegre\/wp-json\/wp\/v2\/comments?post=10268"}],"version-history":[{"count":1,"href":"https:\/\/agora.xtec.cat\/ceipvistaalegre\/wp-json\/wp\/v2\/posts\/10268\/revisions"}],"predecessor-version":[{"id":10271,"href":"https:\/\/agora.xtec.cat\/ceipvistaalegre\/wp-json\/wp\/v2\/posts\/10268\/revisions\/10271"}],"wp:attachment":[{"href":"https:\/\/agora.xtec.cat\/ceipvistaalegre\/wp-json\/wp\/v2\/media?parent=10268"}],"wp:term":[{"taxonomy":"category","embeddable":true,"href":"https:\/\/agora.xtec.cat\/ceipvistaalegre\/wp-json\/wp\/v2\/categories?post=10268"},{"taxonomy":"post_tag","embeddable":true,"href":"https:\/\/agora.xtec.cat\/ceipvistaalegre\/wp-json\/wp\/v2\/tags?post=10268"}],"curies":[{"name":"wp","href":"https:\/\/api.w.org\/{rel}","templated":true}]}}