{"id":10244,"date":"2024-09-23T19:28:55","date_gmt":"2024-09-23T17:28:55","guid":{"rendered":"https:\/\/agora.xtec.cat\/ceipvistaalegre\/?p=10244"},"modified":"2024-09-23T19:28:56","modified_gmt":"2024-09-23T17:28:56","slug":"sacaba-lestiu","status":"publish","type":"post","link":"https:\/\/agora.xtec.cat\/ceipvistaalegre\/infantil\/infantil-4-anys\/sacaba-lestiu\/","title":{"rendered":"S&#8217;acaba l&#8217;estiu."},"content":{"rendered":"<p><a href=\"https:\/\/agora.xtec.cat\/ceipvistaalegre\/infantil\/infantil-4-anys\/sacaba-lestiu\/attachment\/photo-output-12-1-2\/\" rel=\"attachment wp-att-10254\"><img loading=\"lazy\" decoding=\"async\" class=\"aligncenter size-full wp-image-10254\" src=\"https:\/\/agora.xtec.cat\/ceipvistaalegre\/wp-content\/uploads\/usu1936\/2024\/09\/photo-output-12-1-scaled.jpg\" alt=\"\" width=\"2560\" height=\"2560\" srcset=\"https:\/\/agora.xtec.cat\/ceipvistaalegre\/wp-content\/uploads\/usu1936\/2024\/09\/photo-output-12-1-scaled.jpg 2560w, https:\/\/agora.xtec.cat\/ceipvistaalegre\/wp-content\/uploads\/usu1936\/2024\/09\/photo-output-12-1-300x300.jpg 300w, https:\/\/agora.xtec.cat\/ceipvistaalegre\/wp-content\/uploads\/usu1936\/2024\/09\/photo-output-12-1-1024x1024.jpg 1024w, https:\/\/agora.xtec.cat\/ceipvistaalegre\/wp-content\/uploads\/usu1936\/2024\/09\/photo-output-12-1-150x150.jpg 150w, https:\/\/agora.xtec.cat\/ceipvistaalegre\/wp-content\/uploads\/usu1936\/2024\/09\/photo-output-12-1-768x768.jpg 768w, https:\/\/agora.xtec.cat\/ceipvistaalegre\/wp-content\/uploads\/usu1936\/2024\/09\/photo-output-12-1-1536x1536.jpg 1536w, https:\/\/agora.xtec.cat\/ceipvistaalegre\/wp-content\/uploads\/usu1936\/2024\/09\/photo-output-12-1-2048x2048.jpg 2048w\" sizes=\"auto, (max-width: 2560px) 100vw, 2560px\" \/><\/a><\/p>\n<p>Al llarg d&#8217;aquestes primeres setmanes, a partir de contes, experi\u00e8ncies manipulables i viv\u00e8ncies, hem anat explicant com \u00e9s l&#8217;estiu, qu\u00e8 ens agrada fer,\u00a0 on ens agrada anar, qu\u00e8 em fet amb la fam\u00edlia aquest estiu&#8230; Aviat el deixarem enrere i arribar\u00e0 la Tardor.<\/p>\n","protected":false},"excerpt":{"rendered":"<p><a href=\"https:\/\/agora.xtec.cat\/ceipvistaalegre\/infantil\/infantil-4-anys\/sacaba-lestiu\/attachment\/photo-output-12-1-2\/\" rel=\"attachment wp-att-10254\"><\/a><br \/>\nAl llarg d&#8217;aquestes primeres setmanes, a partir de contes, experi\u00e8ncies manipulables i viv\u00e8ncies, hem anat explicant com \u00e9s l&#8217;estiu, qu\u00e8 ens agrada fer,\u00a0 on ens agrada anar, qu\u00e8 em fet amb la fam\u00edlia aquest estiu&#8230; Aviat el deixarem enrere i arribar\u00e0 la&hellip;  <a href=\"https:\/\/agora.xtec.cat\/ceipvistaalegre\/infantil\/infantil-4-anys\/sacaba-lestiu\/\" title=\"Read S&#8217;acaba l&#8217;estiu.\">Llegeix m\u00e9s\u00bb<\/a><\/p>\n","protected":false},"author":4,"featured_media":0,"comment_status":"open","ping_status":"closed","sticky":false,"template":"","format":"standard","meta":{"_bbp_topic_count":0,"_bbp_reply_count":0,"_bbp_total_topic_count":0,"_bbp_total_reply_count":0,"_bbp_voice_count":0,"_bbp_anonymous_reply_count":0,"_bbp_topic_count_hidden":0,"_bbp_reply_count_hidden":0,"_bbp_forum_subforum_count":0,"footnotes":""},"categories":[8],"tags":[319,292],"class_list":["post-10244","post","type-post","status-publish","format-standard","hentry","category-infantil-4-anys","tag-racons-estiu","tag-sensorial"],"post_mailing_queue_ids":[],"_links":{"self":[{"href":"https:\/\/agora.xtec.cat\/ceipvistaalegre\/wp-json\/wp\/v2\/posts\/10244","targetHints":{"allow":["GET"]}}],"collection":[{"href":"https:\/\/agora.xtec.cat\/ceipvistaalegre\/wp-json\/wp\/v2\/posts"}],"about":[{"href":"https:\/\/agora.xtec.cat\/ceipvistaalegre\/wp-json\/wp\/v2\/types\/post"}],"author":[{"embeddable":true,"href":"https:\/\/agora.xtec.cat\/ceipvistaalegre\/wp-json\/wp\/v2\/users\/4"}],"replies":[{"embeddable":true,"href":"https:\/\/agora.xtec.cat\/ceipvistaalegre\/wp-json\/wp\/v2\/comments?post=10244"}],"version-history":[{"count":3,"href":"https:\/\/agora.xtec.cat\/ceipvistaalegre\/wp-json\/wp\/v2\/posts\/10244\/revisions"}],"predecessor-version":[{"id":10256,"href":"https:\/\/agora.xtec.cat\/ceipvistaalegre\/wp-json\/wp\/v2\/posts\/10244\/revisions\/10256"}],"wp:attachment":[{"href":"https:\/\/agora.xtec.cat\/ceipvistaalegre\/wp-json\/wp\/v2\/media?parent=10244"}],"wp:term":[{"taxonomy":"category","embeddable":true,"href":"https:\/\/agora.xtec.cat\/ceipvistaalegre\/wp-json\/wp\/v2\/categories?post=10244"},{"taxonomy":"post_tag","embeddable":true,"href":"https:\/\/agora.xtec.cat\/ceipvistaalegre\/wp-json\/wp\/v2\/tags?post=10244"}],"curies":[{"name":"wp","href":"https:\/\/api.w.org\/{rel}","templated":true}]}}