{"id":10229,"date":"2024-09-16T19:54:38","date_gmt":"2024-09-16T17:54:38","guid":{"rendered":"https:\/\/agora.xtec.cat\/ceipvistaalegre\/?p=10229"},"modified":"2024-09-19T19:01:07","modified_gmt":"2024-09-19T17:01:07","slug":"la-classe-di4-ja-te-nom","status":"publish","type":"post","link":"https:\/\/agora.xtec.cat\/ceipvistaalegre\/infantil\/infantil-4-anys\/la-classe-di4-ja-te-nom\/","title":{"rendered":"La classe d&#8217;I4 ja t\u00e9 nom!"},"content":{"rendered":"<p><a href=\"https:\/\/agora.xtec.cat\/ceipvistaalegre\/infantil\/infantil-4-anys\/la-classe-di4-ja-te-nom\/attachment\/photo-output-11-1\/\" rel=\"attachment wp-att-10239\"><img loading=\"lazy\" decoding=\"async\" class=\"aligncenter size-full wp-image-10239\" src=\"https:\/\/agora.xtec.cat\/ceipvistaalegre\/wp-content\/uploads\/usu1936\/2024\/09\/photo-output-11-1-scaled.jpg\" alt=\"\" width=\"2560\" height=\"2560\" srcset=\"https:\/\/agora.xtec.cat\/ceipvistaalegre\/wp-content\/uploads\/usu1936\/2024\/09\/photo-output-11-1-scaled.jpg 2560w, https:\/\/agora.xtec.cat\/ceipvistaalegre\/wp-content\/uploads\/usu1936\/2024\/09\/photo-output-11-1-300x300.jpg 300w, https:\/\/agora.xtec.cat\/ceipvistaalegre\/wp-content\/uploads\/usu1936\/2024\/09\/photo-output-11-1-1024x1024.jpg 1024w, https:\/\/agora.xtec.cat\/ceipvistaalegre\/wp-content\/uploads\/usu1936\/2024\/09\/photo-output-11-1-150x150.jpg 150w, https:\/\/agora.xtec.cat\/ceipvistaalegre\/wp-content\/uploads\/usu1936\/2024\/09\/photo-output-11-1-768x768.jpg 768w, https:\/\/agora.xtec.cat\/ceipvistaalegre\/wp-content\/uploads\/usu1936\/2024\/09\/photo-output-11-1-1536x1536.jpg 1536w, https:\/\/agora.xtec.cat\/ceipvistaalegre\/wp-content\/uploads\/usu1936\/2024\/09\/photo-output-11-1-2048x2048.jpg 2048w\" sizes=\"auto, (max-width: 2560px) 100vw, 2560px\" \/><\/a><\/p>\n<p>Aquest any el Drac Alegre ens ha preparat un joc de pistes, amb endevinalles i trencaclosques, per descobrir el nom de la classe. Despr\u00e9s de llegir la seva carta i seguir les seves instruccions hem anat trobant pistes per tota l&#8217;escola: a l&#8217;hort, al tren, al sorral i tamb\u00e9 dins del Drac Alegre. Aquestes pistes anaven acompanyades de peces d&#8217;un trencaclosques que hem anat construint fins que hem descobert el nom que havia pensat per a nosaltres. Aquest curs el projecte del nom de la classe girar\u00e0 al voltant de la Fam\u00edlia Robafaves i la Festa Major de Matar\u00f3: Les Santes. Som-hi!!<\/p>\n","protected":false},"excerpt":{"rendered":"<p><a href=\"https:\/\/agora.xtec.cat\/ceipvistaalegre\/infantil\/infantil-4-anys\/la-classe-di4-ja-te-nom\/attachment\/photo-output-11-1\/\" rel=\"attachment wp-att-10239\"><\/a><br \/>\nAquest any el Drac Alegre ens ha preparat un joc de pistes, amb endevinalles i trencaclosques, per descobrir el nom de la classe. Despr\u00e9s de llegir la seva carta i seguir les seves instruccions hem anat trobant pistes per tota l&#8217;escola: a&hellip;  <a href=\"https:\/\/agora.xtec.cat\/ceipvistaalegre\/infantil\/infantil-4-anys\/la-classe-di4-ja-te-nom\/\" title=\"Read La classe d&#8217;I4 ja t\u00e9 nom!\">Llegeix m\u00e9s\u00bb<\/a><\/p>\n","protected":false},"author":4,"featured_media":0,"comment_status":"open","ping_status":"closed","sticky":false,"template":"","format":"standard","meta":{"_bbp_topic_count":0,"_bbp_reply_count":0,"_bbp_total_topic_count":0,"_bbp_total_reply_count":0,"_bbp_voice_count":0,"_bbp_anonymous_reply_count":0,"_bbp_topic_count_hidden":0,"_bbp_reply_count_hidden":0,"_bbp_forum_subforum_count":0,"footnotes":""},"categories":[8],"tags":[323,324,286,322],"class_list":["post-10229","post","type-post","status-publish","format-standard","hentry","category-infantil-4-anys","tag-festa-major","tag-les-santes","tag-projecte-nom-de-la-classe","tag-robafaves"],"post_mailing_queue_ids":[],"_links":{"self":[{"href":"https:\/\/agora.xtec.cat\/ceipvistaalegre\/wp-json\/wp\/v2\/posts\/10229","targetHints":{"allow":["GET"]}}],"collection":[{"href":"https:\/\/agora.xtec.cat\/ceipvistaalegre\/wp-json\/wp\/v2\/posts"}],"about":[{"href":"https:\/\/agora.xtec.cat\/ceipvistaalegre\/wp-json\/wp\/v2\/types\/post"}],"author":[{"embeddable":true,"href":"https:\/\/agora.xtec.cat\/ceipvistaalegre\/wp-json\/wp\/v2\/users\/4"}],"replies":[{"embeddable":true,"href":"https:\/\/agora.xtec.cat\/ceipvistaalegre\/wp-json\/wp\/v2\/comments?post=10229"}],"version-history":[{"count":5,"href":"https:\/\/agora.xtec.cat\/ceipvistaalegre\/wp-json\/wp\/v2\/posts\/10229\/revisions"}],"predecessor-version":[{"id":10240,"href":"https:\/\/agora.xtec.cat\/ceipvistaalegre\/wp-json\/wp\/v2\/posts\/10229\/revisions\/10240"}],"wp:attachment":[{"href":"https:\/\/agora.xtec.cat\/ceipvistaalegre\/wp-json\/wp\/v2\/media?parent=10229"}],"wp:term":[{"taxonomy":"category","embeddable":true,"href":"https:\/\/agora.xtec.cat\/ceipvistaalegre\/wp-json\/wp\/v2\/categories?post=10229"},{"taxonomy":"post_tag","embeddable":true,"href":"https:\/\/agora.xtec.cat\/ceipvistaalegre\/wp-json\/wp\/v2\/tags?post=10229"}],"curies":[{"name":"wp","href":"https:\/\/api.w.org\/{rel}","templated":true}]}}